{"id":1000,"date":"2021-04-15T07:16:06","date_gmt":"2021-04-15T05:16:06","guid":{"rendered":"https:\/\/fdp-aktiv.de\/blog\/?p=1000"},"modified":"2023-02-12T07:09:49","modified_gmt":"2023-02-12T06:09:49","slug":"fdp-erwartet-flut-von-verfassungsbeschwerden","status":"publish","type":"post","link":"https:\/\/fdp-aktiv.de\/blog\/2021\/04\/15\/fdp-erwartet-flut-von-verfassungsbeschwerden\/","title":{"rendered":"FDP erwartet \u201eFlut von Verfassungsbeschwerden\u201c"},"content":{"rendered":"<ul class=\"a-li a-li--qc\">\n<li class=\"a-li__i\">Das Infektionsschutzgesetz soll angepasst werden und bundesweite einheitliche Corona-Regeln vorschreiben.<\/li>\n<li class=\"a-li__i\">Die FDP-Fraktion sieht die \u00c4nderungen kritisch &#8211; besonders die Ausgangssperre.<\/li>\n<li class=\"a-li__i\">Dies sei eine \u201egrobschl\u00e4chtige Methode\u201c und schwere Grundrechtseinschr\u00e4nkung, so Gesch\u00e4ftsf\u00fchrer Marco Buschmann.<\/li>\n<\/ul>\n<figure style=\"width: 594px\" class=\"wp-caption alignnone\"><img loading=\"lazy\" decoding=\"async\" src=\"https:\/\/www.rnd.de\/resizer\/CnQvUbzQ1G7_Ry4sALz11_nsUGY=\/369x208\/filters:format(webp)\/cloudfront-eu-central-1.images.arcpublishing.com\/madsack\/TAXR2HIABZBRHLDLLTJPQ4UD4E.jpg\" alt=\"\" width=\"594\" height=\"335\" \/><figcaption class=\"wp-caption-text\">Marco Buschmann, Erster Parlamentarischer Gesch\u00e4ftsf\u00fchrer der FDP-Bundestagsfraktion k\u00fcndigt an, dass die FDP geschlossen gegen das neue Infektionsschutzgesetz stimmen werde, \u201ewenn das Gesetz sich nicht substanziell \u00e4ndert\u201c. \u00a9 Quelle: imago images\/Future Image<\/figcaption><\/figure>\n<p>&nbsp;<\/p>\n<p><span class=\"a-l\">Berlin.\u00a0<\/span><a href=\"https:\/\/www.rnd.de\/politik\/infektionsschutzgesetz-regierung-beschliesst-die-bundesweite-notbremse-V2BNZ53WG5ODQ3Z2AYYGWNSGLM.html\">Die von der Bundesregierung beschlossene Versch\u00e4rfung des Infektionsschutzgesetzes<\/a>\u00a0wird nach Einsch\u00e4tzung der FDP-Fraktion im Bundestag eine Klagewelle beim Bundesverfassungsgericht ausl\u00f6sen. \u201eWir werden erleben, wie eine Flut von Verfassungsbeschwerden \u00fcber Karlsruhe hereinbrechen wird\u201c, sagte der Erste Parlamentarische Gesch\u00e4ftsf\u00fchrer Marco Buschmann am Mittwoch in Berlin.<\/p>\n<p class=\"a-p\">Diese h\u00e4tten \u201eganz beachtliche Erfolgaussichten\u201c. Zugleich k\u00fcndigte Buschmann an, die FDP werde geschlossen dagegen stimmen, \u201ewenn das Gesetz sich nicht substanziell \u00e4ndert\u201c &#8211; was momentan nicht erkennbar sei.<\/p>\n<p class=\"a-p\"><a href=\"https:\/\/www.rnd.de\/politik\/spahn-brauchen-lockdown-notfalls-mit-ausgangsbeschrankungen-HAH5Z7E5YNH4ZFXDOYS2OEIGBY.html\">Als besonders kritisch sieht Buschmann die im neuen Paragrafen 28b des Gesetzes enthaltenen Ausgangsbeschr\u00e4nkungen von 21 Uhr abends bis 5 Uhr morgens<\/a>, die bei einer Sieben-Tage-Inzidenz von mehr als 100 Neuinfektionen je 100 000 Einwohner automatisch kommen sollen. Dies sei eine schwere Grundrechtseinschr\u00e4nkung.<\/p>\n<h2 class=\"a-h f-fs--600\">Gesetzesentwurf \u201ehochgradig angreifbar\u201c<\/h2>\n<p class=\"a-p\">Er sprach von einer \u201egrobschl\u00e4chtigen Methode\u201c. Das Argument, man brauche diese Beschr\u00e4nkungen, um die Menschen von unzul\u00e4ssigen Kontakten abzuhalten, sei von Gerichten bereits als zu schwach verworfen worden. \u201eDer Entwurf ist allein deshalb schon hochgradig angreifbar.\u201c<\/p>\n<div class=\"row ord--5\">\n<div class=\"col col--3@s col--6@m offset--2@l col--8@l\">\n<div class=\"js-a-con a-con\">\n<p class=\"a-p\">Die \u201eextreme Machtballung\u201c, die das Gesetz bislang den L\u00e4ndern gegeben habe, werde nun in eine einzige Hand gelegt, die der Bundesregierung, kritisierte Buschmann. Es gebe keine Notwendigkeit f\u00fcr eine Gesetzes\u00e4nderung.<\/p>\n<p class=\"a-p\">\u201eAlles, was zur Pandemiebek\u00e4mpfung tauglich ist, auch in den Augen von Gerichten, ist heute schon f\u00fcr die L\u00e4nder m\u00f6glich.\u201c Der FDP-Politiker forderte, besser die Impfkampagne voranzubringen und zu versuchen, mehr Impfstoff zur Verf\u00fcgung zu stellen.<\/p>\n<\/div>\n<\/div>\n<\/div>\n<div class=\"row row--middle ord--5\">\n<div class=\"col col--3@s col--6@m offset--2@l col--8@l\">\n<div class=\"a-con\">\n<h3 class=\"a-p\">Original Content:<\/h3>\n<p><a href=\"https:\/\/www.rnd.de\/politik\/infektionsschutzgesetz-fdp-erwartet-flut-von-verfassungsbeschwerden-OVVDQFBV4XDFEVDIHZH335IKVI.html\">RND.de<\/a>\u00a0 \u00a0&#8211;\u00a0 \u00a015.04.21\u00a0 \u00a0&#8211;\u00a0 \u00a007:15 Uhr<\/p>\n<\/div>\n<h3>Weitere Themen:<\/h3>\n<ul>\n<li><a title=\"Rechtsprofessor \u00e4u\u00dfert Verfassungsbedenken gegen Corona-Notbremse\" href=\"https:\/\/fdp-aktiv.de\/blog\/2021\/04\/14\/rechtsprofessor-aeussert-verfassungsbedenken-gegen-corona-notbremse\/\">Rechtsprofessor \u00e4u\u00dfert Verfassungsbedenken gegen Corona-Notbremse<\/a><\/li>\n<li><a title=\"Programmentwurf zur Bundestagswahl 2021\" href=\"https:\/\/fdp-aktiv.de\/blog\/2021\/04\/12\/programmentwurf-zur-bundestagswahl-2021\/\">Programmentwurf zur Bundestagswahl 2021<\/a><\/li>\n<li><\/li>\n<\/ul>\n<div class=\"a-con\">\n<p>&nbsp;<\/p>\n<\/div>\n<\/div>\n<\/div>\n<div class=\"a__rel-a-li is-s-in-a pb-layout-item pb-chain pb-c-standard full\">\n<div class=\"col--no-cr@s c-m js-c-m c-m--thin-brd\">\n<div class=\"c-m__con\">\n<div class=\"c-hd \">\n<div class=\"c-hd__lnk\">\n<div class=\"c-hd__title-wr\">\n<div class=\"c-hd__ico has-c-rouge\"><\/div>\n<\/div>\n<\/div>\n<\/div>\n<\/div>\n<\/div>\n<\/div>\n","protected":false},"excerpt":{"rendered":"<p>Das Infektionsschutzgesetz soll angepasst werden und bundesweite einheitliche Corona-Regeln vorschreiben. Die FDP-Fraktion sieht die \u00c4nderungen kritisch &#8211; besonders die Ausgangssperre. Dies sei eine \u201egrobschl\u00e4chtige Methode\u201c und schwere Grundrechtseinschr\u00e4nkung, so Gesch\u00e4ftsf\u00fchrer [&#8230;]<\/p>\n","protected":false},"author":1,"featured_media":0,"comment_status":"open","ping_status":"closed","sticky":false,"template":"","format":"standard","meta":{"footnotes":""},"categories":[4,6],"tags":[168,1604,542,572,580],"class_list":["post-1000","post","type-post","status-publish","format-standard","hentry","category-covid-19","category-politik","tag-ausgangsbeschraenkungen","tag-dr-marco-buschmann","tag-fdpaktiv","tag-infektionsschutzgesetz","tag-verfassungsbeschwerde"],"_links":{"self":[{"href":"https:\/\/fdp-aktiv.de\/blog\/wp-json\/wp\/v2\/posts\/1000","targetHints":{"allow":["GET"]}}],"collection":[{"href":"https:\/\/fdp-aktiv.de\/blog\/wp-json\/wp\/v2\/posts"}],"about":[{"href":"https:\/\/fdp-aktiv.de\/blog\/wp-json\/wp\/v2\/types\/post"}],"author":[{"embeddable":true,"href":"https:\/\/fdp-aktiv.de\/blog\/wp-json\/wp\/v2\/users\/1"}],"replies":[{"embeddable":true,"href":"https:\/\/fdp-aktiv.de\/blog\/wp-json\/wp\/v2\/comments?post=1000"}],"version-history":[{"count":3,"href":"https:\/\/fdp-aktiv.de\/blog\/wp-json\/wp\/v2\/posts\/1000\/revisions"}],"predecessor-version":[{"id":1003,"href":"https:\/\/fdp-aktiv.de\/blog\/wp-json\/wp\/v2\/posts\/1000\/revisions\/1003"}],"wp:attachment":[{"href":"https:\/\/fdp-aktiv.de\/blog\/wp-json\/wp\/v2\/media?parent=1000"}],"wp:term":[{"taxonomy":"category","embeddable":true,"href":"https:\/\/fdp-aktiv.de\/blog\/wp-json\/wp\/v2\/categories?post=1000"},{"taxonomy":"post_tag","embeddable":true,"href":"https:\/\/fdp-aktiv.de\/blog\/wp-json\/wp\/v2\/tags?post=1000"}],"curies":[{"name":"wp","href":"https:\/\/api.w.org\/{rel}","templated":true}]}}