{"id":10034,"date":"2023-03-11T06:17:28","date_gmt":"2023-03-11T05:17:28","guid":{"rendered":"https:\/\/fdp-aktiv.de\/blog\/?p=10034"},"modified":"2023-03-11T06:17:28","modified_gmt":"2023-03-11T05:17:28","slug":"baden-wuerttemberg-trauschel-gruen-schwarze-landesregierung-saegt-am-eigenen-ast-auf-dem-sie-sitzt","status":"publish","type":"post","link":"https:\/\/fdp-aktiv.de\/blog\/2023\/03\/11\/baden-wuerttemberg-trauschel-gruen-schwarze-landesregierung-saegt-am-eigenen-ast-auf-dem-sie-sitzt\/","title":{"rendered":"Baden-W\u00fcrttemberg &#8211; Trauschel: Gr\u00fcn-schwarze Landesregierung s\u00e4gt am eigenen Ast, auf dem sie sitzt"},"content":{"rendered":"<p>Wir brauchen ein starkes Handwerk \u2013 auch im Kraftfahrzeuggewerbe \u2013 und m\u00fcssen nach au\u00dfen signalisieren, dass sich Handwerk lohnt<\/p>\n<p>Zur Meldung, dass Kraftfahrzeuggewerbe \u00fcber nachlassende finanzielle Unterst\u00fctzung der gr\u00fcn-schwarzen Landesregierung bei der Ausbildung und Qualifizierung von Besch\u00e4ftigten klagt, sagt die Sprecherin f\u00fcr berufliche Bildung der FDP\/DVP-Fraktion, <strong>Alena Trauschel<\/strong>:<\/p>\n<figure id=\"attachment_5851\" aria-describedby=\"caption-attachment-5851\" style=\"width: 800px\" class=\"wp-caption aligncenter\"><a href=\"https:\/\/fdp-aktiv.de\/blog\/wp-content\/uploads\/2022\/06\/Alena_Trauschel_MdL_auf_dem_59._Bundeskongress_der_Jungen_Liberalen_in_Oldenburg.jpg\"><img loading=\"lazy\" decoding=\"async\" class=\"size-large wp-image-5851\" src=\"https:\/\/fdp-aktiv.de\/blog\/wp-content\/uploads\/2022\/06\/Alena_Trauschel_MdL_auf_dem_59._Bundeskongress_der_Jungen_Liberalen_in_Oldenburg-1024x683.jpg\" alt=\"\" width=\"800\" height=\"534\" srcset=\"https:\/\/fdp-aktiv.de\/blog\/wp-content\/uploads\/2022\/06\/Alena_Trauschel_MdL_auf_dem_59._Bundeskongress_der_Jungen_Liberalen_in_Oldenburg-1024x683.jpg 1024w, https:\/\/fdp-aktiv.de\/blog\/wp-content\/uploads\/2022\/06\/Alena_Trauschel_MdL_auf_dem_59._Bundeskongress_der_Jungen_Liberalen_in_Oldenburg-300x200.jpg 300w, https:\/\/fdp-aktiv.de\/blog\/wp-content\/uploads\/2022\/06\/Alena_Trauschel_MdL_auf_dem_59._Bundeskongress_der_Jungen_Liberalen_in_Oldenburg-768x512.jpg 768w, https:\/\/fdp-aktiv.de\/blog\/wp-content\/uploads\/2022\/06\/Alena_Trauschel_MdL_auf_dem_59._Bundeskongress_der_Jungen_Liberalen_in_Oldenburg.jpg 1200w\" sizes=\"auto, (max-width: 800px) 100vw, 800px\" \/><\/a><figcaption id=\"caption-attachment-5851\" class=\"wp-caption-text\">Alena Trauschel MdL auf dem 59. Bundeskongress der Jungen Liberalen in Oldenburg<\/figcaption><\/figure>\n<p>\u201eEs ist f\u00fcr mich v\u00f6llig unverst\u00e4ndlich, wie man ausgerechnet in dem Gewerbe, in welchem wir Baden-W\u00fcrttemberger in der Champions-League spielen, die Mittel f\u00fcr die Berufsschulen k\u00fcrzen kann. Es ist, als w\u00fcrde die gr\u00fcn-schwarze Landesregierung seinen eigenen Ast abs\u00e4gen, auf dem sie sitzt. Und das alles nur, weil es eben nicht in die gr\u00fcne Ideologie passt.<\/p>\n<p>&nbsp;<\/p>\n<p>Wir brauchen ein starkes Handwerk \u2013 auch im Kraftfahrzeuggewerbe \u2013 und m\u00fcssen nach au\u00dfen signalisieren, dass sich Handwerk lohnt. Doch mit einem solchen gr\u00fcnen Verhalten wundert es nicht, dass sich immer weniger Auszubildenden finden lassen. Wir brauchen eine starke berufliche Bildung\u00a0\u2013 gerade in technischen und Handwerksberufen. Nur so k\u00f6nnen wir im L\u00e4ndle wirtschaftlich ganz oben mitspielen.\u201c<\/p>\n","protected":false},"excerpt":{"rendered":"<p>Wir brauchen ein starkes Handwerk \u2013 auch im Kraftfahrzeuggewerbe \u2013 und m\u00fcssen nach au\u00dfen signalisieren, dass sich Handwerk lohnt Zur Meldung, dass Kraftfahrzeuggewerbe \u00fcber nachlassende finanzielle Unterst\u00fctzung der gr\u00fcn-schwarzen Landesregierung [&#8230;]<\/p>\n","protected":false},"author":1,"featured_media":0,"comment_status":"open","ping_status":"closed","sticky":false,"template":"","format":"standard","meta":{"footnotes":""},"categories":[8],"tags":[1013,650,302,3180],"class_list":["post-10034","post","type-post","status-publish","format-standard","hentry","category-wirtschaft","tag-alena-fink-trauschel","tag-fdp-dvp","tag-handwerk","tag-kraftfahrzeuggewerbe"],"_links":{"self":[{"href":"https:\/\/fdp-aktiv.de\/blog\/wp-json\/wp\/v2\/posts\/10034","targetHints":{"allow":["GET"]}}],"collection":[{"href":"https:\/\/fdp-aktiv.de\/blog\/wp-json\/wp\/v2\/posts"}],"about":[{"href":"https:\/\/fdp-aktiv.de\/blog\/wp-json\/wp\/v2\/types\/post"}],"author":[{"embeddable":true,"href":"https:\/\/fdp-aktiv.de\/blog\/wp-json\/wp\/v2\/users\/1"}],"replies":[{"embeddable":true,"href":"https:\/\/fdp-aktiv.de\/blog\/wp-json\/wp\/v2\/comments?post=10034"}],"version-history":[{"count":1,"href":"https:\/\/fdp-aktiv.de\/blog\/wp-json\/wp\/v2\/posts\/10034\/revisions"}],"predecessor-version":[{"id":10036,"href":"https:\/\/fdp-aktiv.de\/blog\/wp-json\/wp\/v2\/posts\/10034\/revisions\/10036"}],"wp:attachment":[{"href":"https:\/\/fdp-aktiv.de\/blog\/wp-json\/wp\/v2\/media?parent=10034"}],"wp:term":[{"taxonomy":"category","embeddable":true,"href":"https:\/\/fdp-aktiv.de\/blog\/wp-json\/wp\/v2\/categories?post=10034"},{"taxonomy":"post_tag","embeddable":true,"href":"https:\/\/fdp-aktiv.de\/blog\/wp-json\/wp\/v2\/tags?post=10034"}],"curies":[{"name":"wp","href":"https:\/\/api.w.org\/{rel}","templated":true}]}}