{"id":1004,"date":"2021-04-15T07:22:45","date_gmt":"2021-04-15T05:22:45","guid":{"rendered":"https:\/\/fdp-aktiv.de\/blog\/?p=1004"},"modified":"2021-04-15T07:22:45","modified_gmt":"2021-04-15T05:22:45","slug":"fdp-sitzenbleiben-wegen-corona-nicht-anrechnen","status":"publish","type":"post","link":"https:\/\/fdp-aktiv.de\/blog\/2021\/04\/15\/fdp-sitzenbleiben-wegen-corona-nicht-anrechnen\/","title":{"rendered":"FDP: Sitzenbleiben wegen Corona nicht anrechnen"},"content":{"rendered":"<figure style=\"width: 1686px\" class=\"wp-caption alignnone\"><img loading=\"lazy\" decoding=\"async\" src=\"https:\/\/ais-akamai.rtl.de\/masters\/1621709\/1686x0\/42jfwpvd6ty6s6bdxrl6jexk5q.jpg\" alt=\"Die FDP ist f\u00fcr mehr Fokus auf Kinder in der Pandemie\" width=\"1686\" height=\"949\" \/><figcaption class=\"wp-caption-text\">Die FDP ist f\u00fcr mehr Fokus auf Kinder in der Pandemie \u00a9 dpa, Patrick Pleul, ppl tba jai pil<\/figcaption><\/figure>\n<section class=\"content \" data-type=\"header\">\n<div class=\"element-headline\">\n<h2 class=\"font_primary title_md margin-bottom-xxs color_black\">Hilfen f\u00fcr Sch\u00fcler und Studierende gefordert<\/h2>\n<\/div>\n<\/section>\n<section class=\"content \" data-type=\"text\">\n<p class=\"font_primary color_black article-text font-weight-normal bold\">Die FDP-Bundestagsfraktion fordert ein umfangreiches Hilfspaket f\u00fcr Kinder und Jugendliche in der Coronakrise. Sie will unter anderem erreichen, dass alle Studierende zwei Semester zus\u00e4tzlich zur Regelstudienzeit mit weiterlaufendem BAf\u00f6G-Anspruch bekommen und Sitzenbleiber in der Schule wegen der Pandemie nicht benachteiligt werden.<\/p>\n<\/section>\n<section class=\"content \" data-type=\"text\">\n<p class=\"font_primary color_black article-text font-weight-normal bold\">In dem FDP-Antrag &#8220;Jugend im Lockdown&#8221; hei\u00dft es: &#8220;Bund und L\u00e4nder sollen sich darauf verst\u00e4ndigen, dass Sch\u00fclerinnen und Sch\u00fcler die unkomplizierte M\u00f6glichkeit haben, das Schuljahr zu wiederholen, ohne dass dies auf die Verweildauer insbesondere in der gymnasialen Oberstufe angerechnet wird.&#8221; Den Antrag bringen die Liberalen am Freitag in den Bundestag ein. RTL\/ntv liegt er vorab exklusiv vor.<\/p>\n<\/section>\n<section class=\"content \" data-type=\"ad\"><\/section>\n<section class=\"content \" data-type=\"header\">\n<div class=\"element-headline\">\n<h2 class=\"font_primary title_md margin-bottom-xxs color_black\">FDP f\u00fcr schnelle Corona-Impfungen von Jugendlichen<\/h2>\n<\/div>\n<\/section>\n<section class=\"content \" data-type=\"text\">\n<p class=\"font_primary color_black article-text font-weight-normal \">&#8220;Die Schul- oder Studienzeit sollte in der Krise unkompliziert verl\u00e4ngert werden k\u00f6nnen, um Sicherheit zu schaffen&#8221;, sagte der Sprecher f\u00fcr Studium und berufliche Bildung der FDP-Fraktion, Jens Brandenburg, bei RTL und ntv. Junge Menschen h\u00e4tten in der Krise viel geleistet und viel entbehrt. &#8220;Sie tragen die milliardenschweren Schuldenberge der Krise, finden mit ihren eigenen Sorgen aber kaum Geh\u00f6r. Das muss sich \u00e4ndern.&#8221; Die Bundesregierung solle endlich einen Jugendgipfel einberufen.<\/p>\n<\/section>\n<section class=\"content \" data-type=\"text\">\n<p class=\"font_primary color_black article-text font-weight-normal \">Mit den L\u00e4ndern habe die Bundesregierung detailgenaue \u00d6ffnungsschritte f\u00fcr Flugschulen, botanische G\u00e4rten und Opernh\u00e4user definiert, so Brandenburg. &#8220;Die Hochschulen mit ihren drei Millionen Studierenden haben sie ganz vergessen.&#8221; Junge Menschen h\u00e4tten auch Anspruch auf eine Impfperspektive. &#8220;Wir brauchen jetzt schnellstm\u00f6glich verl\u00e4ssliche Studien zur Wirkung der Impfstoffe bei jungen Menschen, um ihren Lockdown nicht unn\u00f6tig zu verl\u00e4ngern.&#8221;<\/p>\n<\/section>\n<section class=\"content \" data-type=\"ad\"><\/section>\n<section class=\"content \" data-type=\"header\">\n<div class=\"element-headline\">\n<h2 class=\"font_primary title_md margin-bottom-xxs color_black\">Mehr Hilfen f\u00fcr Schulen<\/h2>\n<\/div>\n<\/section>\n<section class=\"content \" data-type=\"image\">\n<div class=\"image font_primary background_gray_light margin_bottom-sm\">\n<figure class=\"relative\">\n<div class=\"responsive-image width_full \"><img decoding=\"async\" class=\"width_full\" src=\"https:\/\/ais-akamai.rtl.de\/masters\/998437\/1024x0\/mu6syrt7uzgfhmbs2azd7nks5y.jpg\" sizes=\"(max-width: 320px) 290px, (max-width: 375px) 345px, (max-width: 425px) 395px, (max-width: 768px) 399px, (max-width: 1024px) 527px, (max-width: 1440px) 728px, 1024px\" srcset=\"https:\/\/ais-akamai.rtl.de\/masters\/998437\/290x0\/mu6syrt7uzgfhmbs2azd7nks5y.jpg 290w, https:\/\/ais-akamai.rtl.de\/masters\/998437\/345x0\/mu6syrt7uzgfhmbs2azd7nks5y.jpg 345w, https:\/\/ais-akamai.rtl.de\/masters\/998437\/395x0\/mu6syrt7uzgfhmbs2azd7nks5y.jpg 395w, https:\/\/ais-akamai.rtl.de\/masters\/998437\/399x0\/mu6syrt7uzgfhmbs2azd7nks5y.jpg 399w, https:\/\/ais-akamai.rtl.de\/masters\/998437\/527x0\/mu6syrt7uzgfhmbs2azd7nks5y.jpg 527w, https:\/\/ais-akamai.rtl.de\/masters\/998437\/728x0\/mu6syrt7uzgfhmbs2azd7nks5y.jpg 728w, https:\/\/ais-akamai.rtl.de\/masters\/998437\/1024x0\/mu6syrt7uzgfhmbs2azd7nks5y.jpg 1024w\" alt=\"26.04.2018, Berlin: Jens Brandenburg (FDP), spricht im Plenum im Bundestag bei der Debatte zum Berufsbildungsbericht 2018. Foto: Michael Kappeler\/dpa +++ dpa-Bildfunk +++\" \/><\/div>\n<div class=\"background_gray_light padding-sm\">\n<div class=\"background_gray_light padding-sm\"><\/div>\n<\/div><figcaption class=\"margin-auto color_gray_dark line-height-18 text_align_center\">\n<div class=\"article-image__caption font_primary bold\">Jens Brandenburg (FDP) fordert einen Jugendgipfel.<\/div>\n<\/figcaption><div class=\"background_gray_light padding-sm\">\n<footer class=\"font_secondary italic text_align_center color_gray_dark color_gray_dark\"><small class=\"font-smx\">\u00a9 dpa, Michael Kappeler, mkx gfh<\/small><\/footer>\n<\/div>\n<\/figure>\n<\/div>\n<\/section>\n<section class=\"content \" data-type=\"text\">\n<p class=\"font_primary color_black article-text font-weight-normal \">Die FDP spricht sich daf\u00fcr aus, an den Schulen kostenlose FFP-Masken f\u00fcr Sch\u00fcler und Lehrer zu verteilen. Au\u00dferdem soll in einem &#8220;Digitalpakt 2.0&#8221; Geld f\u00fcr die digitale Weiterbildung von Lehrkr\u00e4ften und professionelle IT-Experten an den Schulen flie\u00dfen. M\u00fcssten Kinder wegen Schul- oder Kitaschlie\u00dfungen zu Hause betreut werden, sollten auch alle Selbstst\u00e4ndigen und Privatversicherten Anspruch auf das wegen Corona ausgeweitete Kinderkrankengeld bekommen.<\/p>\n<\/section>\n<section class=\"content \" data-type=\"ad\"><\/section>\n<section class=\"content \" data-type=\"header\">\n<div class=\"element-headline\">\n<h2 class=\"font_primary title_md margin-bottom-xxs color_black\">Kampf gegen Corona-Depressionen<\/h2>\n<\/div>\n<\/section>\n<section class=\"content \" data-type=\"text\">\n<p class=\"font_primary color_black article-text font-weight-normal \">In ihrem Antrag fordert die FDP von der Bundesregierung, die gesundheitlichen Auswirkungen der Lockdown-Ma\u00dfnahmen auf junge Menschen im Auge zu behalten, etwa Depressionen oder Essst\u00f6rungen. Bei der Niederlassung von Psychotherapeuten m\u00fcssten b\u00fcrokratische H\u00fcrden reduziert werden, um mehr Behandlungskapazit\u00e4ten zu schaffen. Mit der Approbation solle automatisch die kassen\u00e4rztliche Zulassung erfolgen. Bund und L\u00e4nder sollen nach dem Willen der FDP zudem m\u00f6glichst bald sportliche Aktivit\u00e4ten wieder erlauben, um Bewegungsmangel und \u00dcbergewicht bei Kindern und Jugendlichen entgegenzuwirken.<\/p>\n<\/section>\n<h3>Original Content:<\/h3>\n<p><a href=\"https:\/\/www.rtl.de\/cms\/fdp-fordert-corona-hilfen-fuer-schueler-und-studenten-sitzenbleiben-nicht-anrechnen-4740376.html\">RTL.de<\/a>\u00a0 \u00a0&#8211;\u00a0 \u00a015.04.21\u00a0 \u00a0&#8211;\u00a0 \u00a007:00 Uhr<\/p>\n<p>&nbsp;<\/p>\n<h3>Weitere Themen:<\/h3>\n<ul>\n<li><a title=\"FDP erwartet \u201eFlut von Verfassungsbeschwerden\u201c\" href=\"https:\/\/fdp-aktiv.de\/blog\/2021\/04\/15\/fdp-erwartet-flut-von-verfassungsbeschwerden\/\">FDP erwartet \u201eFlut von Verfassungsbeschwerden\u201c<\/a><\/li>\n<li><a title=\"Testpflicht f\u00fcr Betriebe kommt\" href=\"https:\/\/fdp-aktiv.de\/blog\/2021\/04\/13\/testpflicht-fuer-betriebe-kommt\/\">Testpflicht f\u00fcr Betriebe kommt<\/a><\/li>\n<\/ul>\n","protected":false},"excerpt":{"rendered":"<p>Hilfen f\u00fcr Sch\u00fcler und Studierende gefordert Die FDP-Bundestagsfraktion fordert ein umfangreiches Hilfspaket f\u00fcr Kinder und Jugendliche in der Coronakrise. Sie will unter anderem erreichen, dass alle Studierende zwei Semester zus\u00e4tzlich [&#8230;]<\/p>\n","protected":false},"author":1,"featured_media":0,"comment_status":"open","ping_status":"closed","sticky":false,"template":"","format":"standard","meta":{"footnotes":""},"categories":[34,4],"tags":[158,542,582,583,27],"class_list":["post-1004","post","type-post","status-publish","format-standard","hentry","category-bildung","category-covid-19","tag-bildung","tag-fdpaktiv","tag-hilfspaket","tag-jugendgipfel","tag-lockdown"],"_links":{"self":[{"href":"https:\/\/fdp-aktiv.de\/blog\/wp-json\/wp\/v2\/posts\/1004","targetHints":{"allow":["GET"]}}],"collection":[{"href":"https:\/\/fdp-aktiv.de\/blog\/wp-json\/wp\/v2\/posts"}],"about":[{"href":"https:\/\/fdp-aktiv.de\/blog\/wp-json\/wp\/v2\/types\/post"}],"author":[{"embeddable":true,"href":"https:\/\/fdp-aktiv.de\/blog\/wp-json\/wp\/v2\/users\/1"}],"replies":[{"embeddable":true,"href":"https:\/\/fdp-aktiv.de\/blog\/wp-json\/wp\/v2\/comments?post=1004"}],"version-history":[{"count":1,"href":"https:\/\/fdp-aktiv.de\/blog\/wp-json\/wp\/v2\/posts\/1004\/revisions"}],"predecessor-version":[{"id":1005,"href":"https:\/\/fdp-aktiv.de\/blog\/wp-json\/wp\/v2\/posts\/1004\/revisions\/1005"}],"wp:attachment":[{"href":"https:\/\/fdp-aktiv.de\/blog\/wp-json\/wp\/v2\/media?parent=1004"}],"wp:term":[{"taxonomy":"category","embeddable":true,"href":"https:\/\/fdp-aktiv.de\/blog\/wp-json\/wp\/v2\/categories?post=1004"},{"taxonomy":"post_tag","embeddable":true,"href":"https:\/\/fdp-aktiv.de\/blog\/wp-json\/wp\/v2\/tags?post=1004"}],"curies":[{"name":"wp","href":"https:\/\/api.w.org\/{rel}","templated":true}]}}