{"id":10136,"date":"2023-03-17T09:18:36","date_gmt":"2023-03-17T08:18:36","guid":{"rendered":"https:\/\/fdp-aktiv.de\/blog\/?p=10136"},"modified":"2023-03-17T09:18:36","modified_gmt":"2023-03-17T08:18:36","slug":"saarland-mucker-schutz-der-kinder-wichtiger-als-politische-ziele","status":"publish","type":"post","link":"https:\/\/fdp-aktiv.de\/blog\/2023\/03\/17\/saarland-mucker-schutz-der-kinder-wichtiger-als-politische-ziele\/","title":{"rendered":"Saarland &#8211; Mucker: Schutz der Kinder wichtiger als politische Ziele"},"content":{"rendered":"<p>Anl\u00e4sslich der Ausschusssitzung des saarl\u00e4ndischen Landtags fordert die FDP Saar, dass das Bildungsministerium die Nutzung der mobilen Endger\u00e4te an saarl\u00e4ndischen Schulen rechtssicher macht.<\/p>\n<figure id=\"attachment_5272\" aria-describedby=\"caption-attachment-5272\" style=\"width: 900px\" class=\"wp-caption aligncenter\"><a href=\"https:\/\/fdp-aktiv.de\/blog\/wp-content\/uploads\/2022\/04\/ltw12_steckbriefe_Marcel_Mucker_FDP_Kandidat100__v-sr__169__900.jpg\"><img loading=\"lazy\" decoding=\"async\" class=\"size-full wp-image-5272\" src=\"https:\/\/fdp-aktiv.de\/blog\/wp-content\/uploads\/2022\/04\/ltw12_steckbriefe_Marcel_Mucker_FDP_Kandidat100__v-sr__169__900.jpg\" alt=\"\" width=\"900\" height=\"506\" srcset=\"https:\/\/fdp-aktiv.de\/blog\/wp-content\/uploads\/2022\/04\/ltw12_steckbriefe_Marcel_Mucker_FDP_Kandidat100__v-sr__169__900.jpg 900w, https:\/\/fdp-aktiv.de\/blog\/wp-content\/uploads\/2022\/04\/ltw12_steckbriefe_Marcel_Mucker_FDP_Kandidat100__v-sr__169__900-300x169.jpg 300w, https:\/\/fdp-aktiv.de\/blog\/wp-content\/uploads\/2022\/04\/ltw12_steckbriefe_Marcel_Mucker_FDP_Kandidat100__v-sr__169__900-768x432.jpg 768w\" sizes=\"auto, (max-width: 900px) 100vw, 900px\" \/><\/a><figcaption id=\"caption-attachment-5272\" class=\"wp-caption-text\">Marcel Mucker<\/figcaption><\/figure>\n<p>\u201eDer Staat muss Innovationen m\u00f6glich machen, indem er sich an Gesetze h\u00e4lt. F\u00fcr die mobilen Endger\u00e4te bedeutet das, dass der Daten- und Jugendschutz gew\u00e4hrleistet werden muss.\u00a0 Diese Verantwortung darf das Ministerium aber nicht an Eltern und Lehrer delegieren, die dann regelm\u00e4\u00dfig die Ger\u00e4te \u00fcberwachen und durchsuchen m\u00fcssten. Vielmehr ist es Aufgabe des Ministeriums zu verhindern, dass die Ger\u00e4te missbr\u00e4uchlich genutzt werden k\u00f6nnen. Konkret lie\u00dfe sich das umsetzen, indem die Ger\u00e4te nicht mehr den Sch\u00fclern, sondern den Schulen zugeteilt werden. Gerade die unter 14-j\u00e4hrigen Sch\u00fcler bis einschlie\u00dflich der Klasse 7 sollten die Ger\u00e4te nicht mit aus der Schule nehmen d\u00fcrfen, so dass sie bei der Nutzung der Ger\u00e4te stets begleitet werden k\u00f6nnen. Ab Klasse 9 und in der Oberstufe gestehen wir den Sch\u00fclern auch beispielsweise beim Verlassen des Schulgel\u00e4ndes stufenweise mehr Freiheiten zu. Genauso lie\u00dfe es sich auch bei der Nutzung der Ger\u00e4te gestalten. Der sichere Gebrauch und vor allem auch die Sorgfalt f\u00fcr die Schutzbefohlenen muss eine h\u00f6here Priorit\u00e4t haben als der Ministeriumsgrundsatz \u00b4F\u00fcr jedes Kind 1 iPad\u00b4 \u201c, so Generalsekret\u00e4r Marcel Mucker.<\/p>\n<p>\u201eDabei geht es nicht darum, die Digitalisierung als Ganzes zu bef\u00fcrworten oder zu stoppen, sondern sie so verl\u00e4sslich umzusetzen, dass sie einen echten Fortschritt bieten kann.<\/p>\n<p>Der aktuelle Zustand im Saarland schreckt private Unternehmen ab, die weitere Entwicklungen f\u00fcr den Unterricht bereitstellen k\u00f6nnten, da sie nicht mit den Vorf\u00e4llen im Saarland in Verbindung gebracht werden wollen\u201c, so Mucker weiter.<\/p>\n","protected":false},"excerpt":{"rendered":"<p>Anl\u00e4sslich der Ausschusssitzung des saarl\u00e4ndischen Landtags fordert die FDP Saar, dass das Bildungsministerium die Nutzung der mobilen Endger\u00e4te an saarl\u00e4ndischen Schulen rechtssicher macht. \u201eDer Staat muss Innovationen m\u00f6glich machen, indem [&#8230;]<\/p>\n","protected":false},"author":1,"featured_media":0,"comment_status":"open","ping_status":"closed","sticky":false,"template":"","format":"standard","meta":{"footnotes":""},"categories":[34,68],"tags":[708,1597],"class_list":["post-10136","post","type-post","status-publish","format-standard","hentry","category-bildung","category-digital","tag-fdp-saar","tag-marcel-mucker"],"_links":{"self":[{"href":"https:\/\/fdp-aktiv.de\/blog\/wp-json\/wp\/v2\/posts\/10136","targetHints":{"allow":["GET"]}}],"collection":[{"href":"https:\/\/fdp-aktiv.de\/blog\/wp-json\/wp\/v2\/posts"}],"about":[{"href":"https:\/\/fdp-aktiv.de\/blog\/wp-json\/wp\/v2\/types\/post"}],"author":[{"embeddable":true,"href":"https:\/\/fdp-aktiv.de\/blog\/wp-json\/wp\/v2\/users\/1"}],"replies":[{"embeddable":true,"href":"https:\/\/fdp-aktiv.de\/blog\/wp-json\/wp\/v2\/comments?post=10136"}],"version-history":[{"count":1,"href":"https:\/\/fdp-aktiv.de\/blog\/wp-json\/wp\/v2\/posts\/10136\/revisions"}],"predecessor-version":[{"id":10137,"href":"https:\/\/fdp-aktiv.de\/blog\/wp-json\/wp\/v2\/posts\/10136\/revisions\/10137"}],"wp:attachment":[{"href":"https:\/\/fdp-aktiv.de\/blog\/wp-json\/wp\/v2\/media?parent=10136"}],"wp:term":[{"taxonomy":"category","embeddable":true,"href":"https:\/\/fdp-aktiv.de\/blog\/wp-json\/wp\/v2\/categories?post=10136"},{"taxonomy":"post_tag","embeddable":true,"href":"https:\/\/fdp-aktiv.de\/blog\/wp-json\/wp\/v2\/tags?post=10136"}],"curies":[{"name":"wp","href":"https:\/\/api.w.org\/{rel}","templated":true}]}}