{"id":10173,"date":"2023-03-20T11:28:26","date_gmt":"2023-03-20T10:28:26","guid":{"rendered":"https:\/\/fdp-aktiv.de\/blog\/?p=10173"},"modified":"2023-03-20T11:29:27","modified_gmt":"2023-03-20T10:29:27","slug":"bayern-fdp-fraktion-stellt-positionspapier-das-auto-bleibt-effizient-innovativ-und-klimaneutral-vor","status":"publish","type":"post","link":"https:\/\/fdp-aktiv.de\/blog\/2023\/03\/20\/bayern-fdp-fraktion-stellt-positionspapier-das-auto-bleibt-effizient-innovativ-und-klimaneutral-vor\/","title":{"rendered":"Bayern: FDP-Fraktion stellt Positionspapier \u201eDas Auto bleibt! Effizient, innovativ und klimaneutral.\u201c vor"},"content":{"rendered":"<p>Seit Jahrzehnten beeinflusst das Auto unser Leben in vielf\u00e4ltiger Art und Weise. Es erm\u00f6glicht soziale Teilhabe und ein selbstbestimmtes Leben. Insbesondere in den l\u00e4ndlichen Regionen Bayerns ist eine z\u00fcgige und flexible Fortbewegung \u00fcber l\u00e4ngere Strecken nur mit dem Auto m\u00f6glich \u2013 der private Pkw ist f\u00fcr rund 60 Prozent der bayerischen B\u00fcrgerinnen und B\u00fcrger das Fortbewegungsmittel Nummer 1 ist. Den Bed\u00fcrfnissen dieser Menschen muss politisch Rechnung getragen werden.<\/p>\n<p>In ihrem Positionspapier \u201e<strong>Das Auto bleibt! Effizient, innovativ und klimaneutral.<\/strong>\u201c haben die Landtagsliberalen daf\u00fcr acht Kernforderungen f\u00fcr eine effiziente, innovative und klimaneutrale Mobilit\u00e4t mit dem Auto aufgestellt.<\/p>\n<figure id=\"attachment_4089\" aria-describedby=\"caption-attachment-4089\" style=\"width: 800px\" class=\"wp-caption aligncenter\"><a href=\"https:\/\/fdp-aktiv.de\/blog\/wp-content\/uploads\/2022\/01\/Sebastian_Koerber_39324_0-scaled.jpg\"><img loading=\"lazy\" decoding=\"async\" class=\"size-large wp-image-4089\" src=\"https:\/\/fdp-aktiv.de\/blog\/wp-content\/uploads\/2022\/01\/Sebastian_Koerber_39324_0-1024x768.jpg\" alt=\"\" width=\"800\" height=\"600\" srcset=\"https:\/\/fdp-aktiv.de\/blog\/wp-content\/uploads\/2022\/01\/Sebastian_Koerber_39324_0-1024x768.jpg 1024w, https:\/\/fdp-aktiv.de\/blog\/wp-content\/uploads\/2022\/01\/Sebastian_Koerber_39324_0-300x225.jpg 300w, https:\/\/fdp-aktiv.de\/blog\/wp-content\/uploads\/2022\/01\/Sebastian_Koerber_39324_0-768x576.jpg 768w, https:\/\/fdp-aktiv.de\/blog\/wp-content\/uploads\/2022\/01\/Sebastian_Koerber_39324_0-1536x1152.jpg 1536w, https:\/\/fdp-aktiv.de\/blog\/wp-content\/uploads\/2022\/01\/Sebastian_Koerber_39324_0-2048x1536.jpg 2048w\" sizes=\"auto, (max-width: 800px) 100vw, 800px\" \/><\/a><figcaption id=\"caption-attachment-4089\" class=\"wp-caption-text\">Sebastian K\u00f6rber, FDP<\/figcaption><\/figure>\n<p>Dazu erkl\u00e4rt der verkehrspolitische Sprecher der FDP-Landtagsfraktion <strong>Sebastian K\u00f6rber<\/strong>: \u201eF\u00fcr unsere bayerische Automobilindustrie sind Planungssicherheit und technologieoffene Rahmenbedingungen essentiell. Daf\u00fcr m\u00fcssen die richtigen Rahmenbedingungen f\u00fcr den Ausbau der Technologief\u00fchrerschaft Bayerns gesetzt werden \u2013 schlie\u00dflich arbeiten \u00fcber 200.000 Personen in diesem Sektor. Auch das klimaneutrale Fahren steht f\u00fcr uns im Fokus. Dabei m\u00fcssen Anreize geschaffen werden, um den Markthochlauf der notwendigen Infrastrukturen f\u00fcr Lades\u00e4ulen, Wasserstofftankstellen und synthetische Kraftstoffe zu beschleunigen. F\u00fcr einen optimierten Verkehrsfluss gilt es zudem analoge und digitale Infrastrukturen schneller auszubauen. Bei all diesen Zielen bleibt die Staatsregierung klar unter unseren M\u00f6glichkeiten.\u201c<\/p>\n<figure id=\"attachment_1207\" aria-describedby=\"caption-attachment-1207\" style=\"width: 1000px\" class=\"wp-caption aligncenter\"><a href=\"https:\/\/fdp-aktiv.de\/blog\/wp-content\/uploads\/2021\/05\/fdptheuossib7130.jpg\"><img loading=\"lazy\" decoding=\"async\" class=\"size-full wp-image-1207\" src=\"https:\/\/fdp-aktiv.de\/blog\/wp-content\/uploads\/2021\/05\/fdptheuossib7130.jpg\" alt=\"Michael Theurer\" width=\"1000\" height=\"667\" srcset=\"https:\/\/fdp-aktiv.de\/blog\/wp-content\/uploads\/2021\/05\/fdptheuossib7130.jpg 1000w, https:\/\/fdp-aktiv.de\/blog\/wp-content\/uploads\/2021\/05\/fdptheuossib7130-300x200.jpg 300w, https:\/\/fdp-aktiv.de\/blog\/wp-content\/uploads\/2021\/05\/fdptheuossib7130-768x512.jpg 768w\" sizes=\"auto, (max-width: 1000px) 100vw, 1000px\" \/><\/a><figcaption id=\"caption-attachment-1207\" class=\"wp-caption-text\">Michael Theurer<\/figcaption><\/figure>\n<p>Der Parlamentarische Staatssekret\u00e4r beim Bundesminister f\u00fcr Digitales und Verkehr <strong>Michael Theurer<\/strong> MdB ordnet die Forderungen der FDP-Landtagsfraktion mit seiner Expertise wie folgt ein: \u201eWir m\u00fcssen jede Form klimaneutraler Mobilit\u00e4t zulassen. Welche sich dann am Markt durchsetzt, entscheiden die Verbraucher. Wie klimaneutrale Mobilit\u00e4t bezahlbar f\u00fcr jede und jeden werden kann, ist auch noch nicht abschlie\u00dfend beantwortet. Entscheidend ist aber, dass wir jedem ein Angebot f\u00fcr individuelle Mobilit\u00e4t machen k\u00f6nnen \u2013 beispielsweise auch jungen Menschen auf dem Land, die gerade in der Ausbildung sind. Wir d\u00fcrfen Mobilit\u00e4t nicht durch unn\u00f6tige Verbote klimaneutraler Technologien zum Stresstest f\u00fcr die Gesellschaft machen.\u201c<\/p>\n<p><strong>Hier finden Sie:<\/strong><\/p>\n<ul>\n<li><a href=\"https:\/\/www.fdpltby.de\/initiative\/das-auto-bleibt-effizient-innovativ-und-klimaneutral\" target=\"_blank\" rel=\"noopener\">Positionspapier \u201eDas Auto bleibt! Effizient, innovativ und klimaneutral.\u201c<\/a><\/li>\n<\/ul>\n","protected":false},"excerpt":{"rendered":"<p>Seit Jahrzehnten beeinflusst das Auto unser Leben in vielf\u00e4ltiger Art und Weise. Es erm\u00f6glicht soziale Teilhabe und ein selbstbestimmtes Leben. Insbesondere in den l\u00e4ndlichen Regionen Bayerns ist eine z\u00fcgige und [&#8230;]<\/p>\n","protected":false},"author":1,"featured_media":0,"comment_status":"open","ping_status":"closed","sticky":false,"template":"","format":"standard","meta":{"footnotes":""},"categories":[144,8],"tags":[1585,589,322,3212,2098,111,995,222,1881],"class_list":["post-10173","post","type-post","status-publish","format-standard","hentry","category-verkehr-innenpolitik","category-wirtschaft","tag-auto","tag-e-mobilitaet","tag-fdp-bayern","tag-kernforderung","tag-kraftstoffe","tag-michael-theurer","tag-mobilitaet","tag-positionspapier","tag-sebastian-koerber"],"_links":{"self":[{"href":"https:\/\/fdp-aktiv.de\/blog\/wp-json\/wp\/v2\/posts\/10173","targetHints":{"allow":["GET"]}}],"collection":[{"href":"https:\/\/fdp-aktiv.de\/blog\/wp-json\/wp\/v2\/posts"}],"about":[{"href":"https:\/\/fdp-aktiv.de\/blog\/wp-json\/wp\/v2\/types\/post"}],"author":[{"embeddable":true,"href":"https:\/\/fdp-aktiv.de\/blog\/wp-json\/wp\/v2\/users\/1"}],"replies":[{"embeddable":true,"href":"https:\/\/fdp-aktiv.de\/blog\/wp-json\/wp\/v2\/comments?post=10173"}],"version-history":[{"count":2,"href":"https:\/\/fdp-aktiv.de\/blog\/wp-json\/wp\/v2\/posts\/10173\/revisions"}],"predecessor-version":[{"id":10175,"href":"https:\/\/fdp-aktiv.de\/blog\/wp-json\/wp\/v2\/posts\/10173\/revisions\/10175"}],"wp:attachment":[{"href":"https:\/\/fdp-aktiv.de\/blog\/wp-json\/wp\/v2\/media?parent=10173"}],"wp:term":[{"taxonomy":"category","embeddable":true,"href":"https:\/\/fdp-aktiv.de\/blog\/wp-json\/wp\/v2\/categories?post=10173"},{"taxonomy":"post_tag","embeddable":true,"href":"https:\/\/fdp-aktiv.de\/blog\/wp-json\/wp\/v2\/tags?post=10173"}],"curies":[{"name":"wp","href":"https:\/\/api.w.org\/{rel}","templated":true}]}}