{"id":10225,"date":"2023-03-22T07:58:45","date_gmt":"2023-03-22T06:58:45","guid":{"rendered":"https:\/\/fdp-aktiv.de\/blog\/?p=10225"},"modified":"2023-03-22T07:58:45","modified_gmt":"2023-03-22T06:58:45","slug":"schleswig-holstein-bernd-buchholz-erschreckend-unambitionierte-landesstrassenplanung","status":"publish","type":"post","link":"https:\/\/fdp-aktiv.de\/blog\/2023\/03\/22\/schleswig-holstein-bernd-buchholz-erschreckend-unambitionierte-landesstrassenplanung\/","title":{"rendered":"Schleswig-Holstein &#8211; Bernd Buchholz: Erschreckend unambitionierte Landesstra\u00dfenplanung"},"content":{"rendered":"<p>Zur heute vorgestellten Landesstra\u00dfenstrategie 2023 &#8211; 2035 erkl\u00e4rt der verkehrspolitische Sprecher der FDP-Landtagsfraktion,\u00a0<strong>Bernd Buchholz<\/strong>:<\/p>\n<figure id=\"attachment_8117\" aria-describedby=\"caption-attachment-8117\" style=\"width: 700px\" class=\"wp-caption aligncenter\"><a href=\"https:\/\/fdp-aktiv.de\/blog\/wp-content\/uploads\/2022\/11\/1400-BDX4333.jpg\"><img loading=\"lazy\" decoding=\"async\" class=\"size-full wp-image-8117\" src=\"https:\/\/fdp-aktiv.de\/blog\/wp-content\/uploads\/2022\/11\/1400-BDX4333.jpg\" alt=\"Bernd Buchholz\" width=\"700\" height=\"441\" srcset=\"https:\/\/fdp-aktiv.de\/blog\/wp-content\/uploads\/2022\/11\/1400-BDX4333.jpg 700w, https:\/\/fdp-aktiv.de\/blog\/wp-content\/uploads\/2022\/11\/1400-BDX4333-300x189.jpg 300w\" sizes=\"auto, (max-width: 700px) 100vw, 700px\" \/><\/a><figcaption id=\"caption-attachment-8117\" class=\"wp-caption-text\">Bernd Buchholz<\/figcaption><\/figure>\n<p>\u201eDie Planungen der Landesregierung zur Fortsetzung der Landesstra\u00dfenstrategie sind leider erschreckend unambitioniert und drohen so, das eigentliche Ziel der Strategie nicht zu erreichen. Angepeilt war innerhalb von zehn Jahren achtzig Prozent des Landesstra\u00dfennetzes in einen guten oder sehr guten Zustand zu \u00fcberf\u00fchren. Auf ein bis zwei Jahre Verz\u00f6gerung k\u00e4me es dabei nicht an. Wenn selbst dazu aber 90 Millionen Euro im Jahr nicht ausreichen, weil die Kosten gestiegen sind, muss man den Haushaltsansatz erh\u00f6hen, um die Infrastruktur nicht wieder verrotten zu lassen. Der Ansatz \u201aWeiter wie bisher\u2018 reicht eben nicht aus, wenn sich die Voraussetzungen \u00e4ndern.\u201c<\/p>\n","protected":false},"excerpt":{"rendered":"<p>Zur heute vorgestellten Landesstra\u00dfenstrategie 2023 &#8211; 2035 erkl\u00e4rt der verkehrspolitische Sprecher der FDP-Landtagsfraktion,\u00a0Bernd Buchholz: \u201eDie Planungen der Landesregierung zur Fortsetzung der Landesstra\u00dfenstrategie sind leider erschreckend unambitioniert und drohen so, das [&#8230;]<\/p>\n","protected":false},"author":1,"featured_media":0,"comment_status":"open","ping_status":"closed","sticky":false,"template":"","format":"standard","meta":{"footnotes":""},"categories":[144],"tags":[484,814,3223,3012],"class_list":["post-10225","post","type-post","status-publish","format-standard","hentry","category-verkehr-innenpolitik","tag-bernd-buchholz","tag-fdp-lsh","tag-strassennetz","tag-strassensanierung"],"_links":{"self":[{"href":"https:\/\/fdp-aktiv.de\/blog\/wp-json\/wp\/v2\/posts\/10225","targetHints":{"allow":["GET"]}}],"collection":[{"href":"https:\/\/fdp-aktiv.de\/blog\/wp-json\/wp\/v2\/posts"}],"about":[{"href":"https:\/\/fdp-aktiv.de\/blog\/wp-json\/wp\/v2\/types\/post"}],"author":[{"embeddable":true,"href":"https:\/\/fdp-aktiv.de\/blog\/wp-json\/wp\/v2\/users\/1"}],"replies":[{"embeddable":true,"href":"https:\/\/fdp-aktiv.de\/blog\/wp-json\/wp\/v2\/comments?post=10225"}],"version-history":[{"count":1,"href":"https:\/\/fdp-aktiv.de\/blog\/wp-json\/wp\/v2\/posts\/10225\/revisions"}],"predecessor-version":[{"id":10226,"href":"https:\/\/fdp-aktiv.de\/blog\/wp-json\/wp\/v2\/posts\/10225\/revisions\/10226"}],"wp:attachment":[{"href":"https:\/\/fdp-aktiv.de\/blog\/wp-json\/wp\/v2\/media?parent=10225"}],"wp:term":[{"taxonomy":"category","embeddable":true,"href":"https:\/\/fdp-aktiv.de\/blog\/wp-json\/wp\/v2\/categories?post=10225"},{"taxonomy":"post_tag","embeddable":true,"href":"https:\/\/fdp-aktiv.de\/blog\/wp-json\/wp\/v2\/tags?post=10225"}],"curies":[{"name":"wp","href":"https:\/\/api.w.org\/{rel}","templated":true}]}}