{"id":10256,"date":"2023-03-23T13:36:47","date_gmt":"2023-03-23T12:36:47","guid":{"rendered":"https:\/\/fdp-aktiv.de\/blog\/?p=10256"},"modified":"2023-03-23T13:36:47","modified_gmt":"2023-03-23T12:36:47","slug":"baden-wuerttemberg-ruelke-landes-fdp-trotzt-bundestrend","status":"publish","type":"post","link":"https:\/\/fdp-aktiv.de\/blog\/2023\/03\/23\/baden-wuerttemberg-ruelke-landes-fdp-trotzt-bundestrend\/","title":{"rendered":"Baden-W\u00fcrttemberg &#8211; R\u00fclke: Landes-FDP trotzt Bundestrend"},"content":{"rendered":"<p>Zweistellige Umfragewerte zeigen gute Arbeit von Fraktion und Landespartei<\/p>\n<figure id=\"attachment_1526\" aria-describedby=\"caption-attachment-1526\" style=\"width: 800px\" class=\"wp-caption aligncenter\"><a href=\"https:\/\/fdp-aktiv.de\/blog\/wp-content\/uploads\/2021\/06\/Dr._Hans_Ulrich_Ruelke_FDP_BW.jpg\"><img loading=\"lazy\" decoding=\"async\" class=\"size-large wp-image-1526\" src=\"https:\/\/fdp-aktiv.de\/blog\/wp-content\/uploads\/2021\/06\/Dr._Hans_Ulrich_Ruelke_FDP_BW-1024x682.jpg\" alt=\"Dr. Hans Ulrich R\u00fclke\" width=\"800\" height=\"533\" srcset=\"https:\/\/fdp-aktiv.de\/blog\/wp-content\/uploads\/2021\/06\/Dr._Hans_Ulrich_Ruelke_FDP_BW-1024x682.jpg 1024w, https:\/\/fdp-aktiv.de\/blog\/wp-content\/uploads\/2021\/06\/Dr._Hans_Ulrich_Ruelke_FDP_BW-300x200.jpg 300w, https:\/\/fdp-aktiv.de\/blog\/wp-content\/uploads\/2021\/06\/Dr._Hans_Ulrich_Ruelke_FDP_BW-768x512.jpg 768w, https:\/\/fdp-aktiv.de\/blog\/wp-content\/uploads\/2021\/06\/Dr._Hans_Ulrich_Ruelke_FDP_BW.jpg 1030w\" sizes=\"auto, (max-width: 800px) 100vw, 800px\" \/><\/a><figcaption id=\"caption-attachment-1526\" class=\"wp-caption-text\">Dr. Hans Ulrich R\u00fclke<\/figcaption><\/figure>\n<p>Der Vorsitzende der FDP\/DVP-Fraktion, <strong>Dr. Hans-Ulrich R\u00fclke<\/strong>, reagiert erfreut auf das aktuelle Umfrageergebnis der Landes-FDP.<\/p>\n<p>\u201eDass wir im Falle einer Landtagswahl aktuell ein zweistelliges Wahlergebnis in Baden-W\u00fcrttemberg erzielen w\u00fcrden zeigt, wie gut unser Landesverband aufgestellt ist und wie richtig die FDP\/DVP-Fraktion in der Wahl ihrer Themen liegt.\u201c, so R\u00fclke.<\/p>\n<p>Es sei offenbar gelungen, sich vollst\u00e4ndig vom Bundestrend der FDP und vom Trend der anderen Bundesl\u00e4nder abzukoppeln. Die Fraktion sehe das als Best\u00e4tigung ihres Kurses. Es sei richtig, weltfremde gr\u00fcne Ideologie zu bek\u00e4mpfen. Als Beispiele nannte er den gr\u00fcnen Kulturkampf gegen das Auto, Windr\u00e4der an windstillen Standorten, gr\u00fcne Verbotsarien bei der Ern\u00e4hrung der Menschen und bei Heizungen in Eigenheimen sowie absurde Zeitgeisterscheinungen wie Gendersternchen und Hickslaute in der Sprache. Dem setze die FDP b\u00fcrgerliche Freiheitsrechte und technologieoffene Ans\u00e4tze bei der individuellen Mobilit\u00e4t entgegen. \u201eWir wollen den Verbrennungsmotor klimafreundlich machen statt ihn zu verbieten.\u201c, so R\u00fclke w\u00f6rtlich.<\/p>\n<p>Au\u00dferdem sehe man sich daf\u00fcr belohnt, die Initiative f\u00fcr eine Verkleinerung des Landtags ergriffen zu haben sowie daf\u00fcr, die Verfehlungen in der Landesregierung unbestechlich aufzudecken, wie beispielsweise die Untaten des CDU-Innenministers Strobl.<\/p>\n<p>&nbsp;<\/p>\n","protected":false},"excerpt":{"rendered":"<p>Zweistellige Umfragewerte zeigen gute Arbeit von Fraktion und Landespartei Der Vorsitzende der FDP\/DVP-Fraktion, Dr. Hans-Ulrich R\u00fclke, reagiert erfreut auf das aktuelle Umfrageergebnis der Landes-FDP. \u201eDass wir im Falle einer Landtagswahl [&#8230;]<\/p>\n","protected":false},"author":1,"featured_media":0,"comment_status":"open","ping_status":"closed","sticky":false,"template":"","format":"standard","meta":{"footnotes":""},"categories":[6],"tags":[842,650],"class_list":["post-10256","post","type-post","status-publish","format-standard","hentry","category-politik","tag-dr-hans-ulrich-ruelke","tag-fdp-dvp"],"_links":{"self":[{"href":"https:\/\/fdp-aktiv.de\/blog\/wp-json\/wp\/v2\/posts\/10256","targetHints":{"allow":["GET"]}}],"collection":[{"href":"https:\/\/fdp-aktiv.de\/blog\/wp-json\/wp\/v2\/posts"}],"about":[{"href":"https:\/\/fdp-aktiv.de\/blog\/wp-json\/wp\/v2\/types\/post"}],"author":[{"embeddable":true,"href":"https:\/\/fdp-aktiv.de\/blog\/wp-json\/wp\/v2\/users\/1"}],"replies":[{"embeddable":true,"href":"https:\/\/fdp-aktiv.de\/blog\/wp-json\/wp\/v2\/comments?post=10256"}],"version-history":[{"count":1,"href":"https:\/\/fdp-aktiv.de\/blog\/wp-json\/wp\/v2\/posts\/10256\/revisions"}],"predecessor-version":[{"id":10257,"href":"https:\/\/fdp-aktiv.de\/blog\/wp-json\/wp\/v2\/posts\/10256\/revisions\/10257"}],"wp:attachment":[{"href":"https:\/\/fdp-aktiv.de\/blog\/wp-json\/wp\/v2\/media?parent=10256"}],"wp:term":[{"taxonomy":"category","embeddable":true,"href":"https:\/\/fdp-aktiv.de\/blog\/wp-json\/wp\/v2\/categories?post=10256"},{"taxonomy":"post_tag","embeddable":true,"href":"https:\/\/fdp-aktiv.de\/blog\/wp-json\/wp\/v2\/tags?post=10256"}],"curies":[{"name":"wp","href":"https:\/\/api.w.org\/{rel}","templated":true}]}}