{"id":10267,"date":"2023-03-23T16:48:27","date_gmt":"2023-03-23T15:48:27","guid":{"rendered":"https:\/\/fdp-aktiv.de\/blog\/?p=10267"},"modified":"2023-03-23T16:48:27","modified_gmt":"2023-03-23T15:48:27","slug":"sachsen-anhalt-silbersack-zeitenwende-im-heizungskeller-muss-umsetzbar-und-bezahlbar-bleiben","status":"publish","type":"post","link":"https:\/\/fdp-aktiv.de\/blog\/2023\/03\/23\/sachsen-anhalt-silbersack-zeitenwende-im-heizungskeller-muss-umsetzbar-und-bezahlbar-bleiben\/","title":{"rendered":"Sachsen-Anhalt &#8211; Silbersack: &#8220;Zeitenwende im Heizungskeller&#8221; muss umsetzbar und bezahlbar bleiben"},"content":{"rendered":"<h2>Fraktionschef der Liberalen warnt vor \u00dcberforderung von Hausbesitzern durch \u00d6l- und Gasheizungsverbot<\/h2>\n<figure id=\"attachment_3673\" aria-describedby=\"caption-attachment-3673\" style=\"width: 1000px\" class=\"wp-caption aligncenter\"><a href=\"https:\/\/fdp-aktiv.de\/blog\/wp-content\/uploads\/2021\/12\/Andreas-Silbersack-Pressefoto-1.jpg\"><img loading=\"lazy\" decoding=\"async\" class=\"size-full wp-image-3673\" src=\"https:\/\/fdp-aktiv.de\/blog\/wp-content\/uploads\/2021\/12\/Andreas-Silbersack-Pressefoto-1.jpg\" alt=\"\" width=\"1000\" height=\"667\" srcset=\"https:\/\/fdp-aktiv.de\/blog\/wp-content\/uploads\/2021\/12\/Andreas-Silbersack-Pressefoto-1.jpg 1000w, https:\/\/fdp-aktiv.de\/blog\/wp-content\/uploads\/2021\/12\/Andreas-Silbersack-Pressefoto-1-300x200.jpg 300w, https:\/\/fdp-aktiv.de\/blog\/wp-content\/uploads\/2021\/12\/Andreas-Silbersack-Pressefoto-1-768x512.jpg 768w\" sizes=\"auto, (max-width: 1000px) 100vw, 1000px\" \/><\/a><figcaption id=\"caption-attachment-3673\" class=\"wp-caption-text\">Andreas Silbersack &#8211; Pressefoto 1<\/figcaption><\/figure>\n<p>Sachsen-Anhalts FDP-Fraktion fordert einen Stopp der aktuellen Verbotspl\u00e4ne ab 2024 f\u00fcr \u00d6l- und Gasheizungen aus dem Bundeswirtschaftsministerium von Robert Habeck. \u201eDie ,Zeitenwende im Heizungskeller\u2018 muss umsetzbar und f\u00fcr die Menschen bezahlbar bleiben. Der Gesetzesentwurf muss deshalb dringend noch einmal in die Montagehalle und grundlegend umgebaut werden\u201c, sagte Fraktionschef Andreas Silbersack am Donnerstag. Die Liberalen hatten zum Thema eine Aktuelle Debatte beantragt.<\/p>\n<p>Betroffen vom angedachten Verbot von \u00d6l- und Gasheizungen seien besonders viele Haushalte auch in Sachsen-Anhalt, die aktuell mit \u00d6l oder Gas heizen und nach der Wende ihre Anlagen eingebaut hatten. \u201eDie Verunsicherung bei den Hausbesitzern ist gro\u00df\u201c, so Silbersack: \u201eDer gr\u00fcne Entwurf mag gut gemeint gewesen sein. Wirtschaftlich und sozial ist er aber verheerend.\u201c Es sei mit enormen Kosten zu rechnen, die auch der Staat nicht \u00fcber F\u00f6rdermittel abfedern k\u00f6nne.<\/p>\n<p>\u201eEin Verbot h\u00e4tte nach seinen Worten nicht nur Auswirkungen auf die Energieversorgungssicherheit und die Gesellschaft. \u201eEs ist auch unverh\u00e4ltnism\u00e4\u00dfig\u201c, so der Fraktionschef der Liberalen. Denn: \u201eEs gibt bessere L\u00f6sungen, n\u00e4mlich das marktwirtschaftliche Instrument des CO2-Emissionshandels\u201c, erkl\u00e4rte er.<\/p>\n<p>Die Umstellung der Heizungen auf W\u00e4rmepumpen sei schon jetzt aufgrund der steigenden Nachfrage eine teure Angelegenheit. \u201eDer Gesetzentwurf ist eine \u00dcberforderung von Wohneigent\u00fcmern in Sachsen-Anhalt. Gerade auf dem Land kann ein Haus weniger Wert sein, als die Investitionssumme, die f\u00fcr eine W\u00e4rmepumpe notwendig wird. Es darf zu keiner staatlichen \u00dcberforderung der B\u00fcrger kommen, die in der Konsequenz die Aufgabe des Wohneigentums erzwingen w\u00fcrde.\u201c Aber auch f\u00fcr Mieter gelte es, einen Preisschub zu verhindern. Zus\u00e4tzliche lasse der Fachkr\u00e4ftemangel im Handwerk den Einbau von W\u00e4rmepumpen zum Flaschenhals werden, so dass eine praktische Umsetzung mit einer solch kurzen Frist kaum darstellbar sei.<\/p>\n","protected":false},"excerpt":{"rendered":"<p>Fraktionschef der Liberalen warnt vor \u00dcberforderung von Hausbesitzern durch \u00d6l- und Gasheizungsverbot Sachsen-Anhalts FDP-Fraktion fordert einen Stopp der aktuellen Verbotspl\u00e4ne ab 2024 f\u00fcr \u00d6l- und Gasheizungen aus dem Bundeswirtschaftsministerium von [&#8230;]<\/p>\n","protected":false},"author":1,"featured_media":0,"comment_status":"open","ping_status":"closed","sticky":false,"template":"","format":"standard","meta":{"footnotes":""},"categories":[1979,207],"tags":[1706,857,3158,3228,146],"class_list":["post-10267","post","type-post","status-publish","format-standard","hentry","category-energie","category-familie-wohnen","tag-andreas-silbersack","tag-fdp-lsa","tag-gasheizung","tag-haushalte","tag-verbot"],"_links":{"self":[{"href":"https:\/\/fdp-aktiv.de\/blog\/wp-json\/wp\/v2\/posts\/10267","targetHints":{"allow":["GET"]}}],"collection":[{"href":"https:\/\/fdp-aktiv.de\/blog\/wp-json\/wp\/v2\/posts"}],"about":[{"href":"https:\/\/fdp-aktiv.de\/blog\/wp-json\/wp\/v2\/types\/post"}],"author":[{"embeddable":true,"href":"https:\/\/fdp-aktiv.de\/blog\/wp-json\/wp\/v2\/users\/1"}],"replies":[{"embeddable":true,"href":"https:\/\/fdp-aktiv.de\/blog\/wp-json\/wp\/v2\/comments?post=10267"}],"version-history":[{"count":1,"href":"https:\/\/fdp-aktiv.de\/blog\/wp-json\/wp\/v2\/posts\/10267\/revisions"}],"predecessor-version":[{"id":10268,"href":"https:\/\/fdp-aktiv.de\/blog\/wp-json\/wp\/v2\/posts\/10267\/revisions\/10268"}],"wp:attachment":[{"href":"https:\/\/fdp-aktiv.de\/blog\/wp-json\/wp\/v2\/media?parent=10267"}],"wp:term":[{"taxonomy":"category","embeddable":true,"href":"https:\/\/fdp-aktiv.de\/blog\/wp-json\/wp\/v2\/categories?post=10267"},{"taxonomy":"post_tag","embeddable":true,"href":"https:\/\/fdp-aktiv.de\/blog\/wp-json\/wp\/v2\/tags?post=10267"}],"curies":[{"name":"wp","href":"https:\/\/api.w.org\/{rel}","templated":true}]}}