{"id":1027,"date":"2021-04-19T09:06:04","date_gmt":"2021-04-19T07:06:04","guid":{"rendered":"https:\/\/fdp-aktiv.de\/blog\/?p=1027"},"modified":"2021-04-19T09:08:54","modified_gmt":"2021-04-19T07:08:54","slug":"fdp-vorsitzende-katja-suding-will-unterricht-im-freien-statt-schulschliessungen","status":"publish","type":"post","link":"https:\/\/fdp-aktiv.de\/blog\/2021\/04\/19\/fdp-vorsitzende-katja-suding-will-unterricht-im-freien-statt-schulschliessungen\/","title":{"rendered":"FDP-Vorsitzende Katja Suding will Unterricht im Freien statt\u00a0Schulschlie\u00dfungen"},"content":{"rendered":"<div class=\"row\">\n<div class=\"col-lg-5\">\n<div class=\"m-header\">\n<p class=\"a-storylead\">Anstatt den Pr\u00e4senzunterricht ab der 200er-Inzidenz einzustellen, k\u00f6nnte der Unterricht in den Schulhof oder in Parks verlegt werden, finden die Abgeordneten.<\/p>\n<p class=\"a-author date-and-author\"><span class=\"ld-author-replace\"><a href=\"https:\/\/www.berliner-zeitung.de\/autoren\/sophie-barkey--li.117291\">sba<\/a>\/AFP<\/span>,\u00a0<span class=\"ld-date-replace\">19.4.2021 &#8211; 07:33 Uhr<\/span><\/p>\n<\/div>\n<\/div>\n<div class=\"col-lg-7\">\n<div>\n<figure class=\"figure c-image\" data-component-name=\"Image\">\n<div class=\"c-image__imagewrapper\"><img decoding=\"async\" class=\"c-image__image lazyloaded\" src=\"https:\/\/berliner-zeitung.imgix.net\/2021\/4\/19\/e4c8a442-3341-490c-8793-2d2b5402a032.jpeg?rect=0%2C364%2C3500%2C1969&amp;w=1024&amp;auto=format\" sizes=\"(min-width: 1024px) 994px,(min-width: 768px) 726px,(min-width: 480px) 428px,100vw\" srcset=\"https:\/\/berliner-zeitung.imgix.net\/2021\/4\/19\/e4c8a442-3341-490c-8793-2d2b5402a032.jpeg?rect=0%2C364%2C3500%2C1969&amp;w=1024&amp;auto=format 1024w,https:\/\/berliner-zeitung.imgix.net\/2021\/4\/19\/e4c8a442-3341-490c-8793-2d2b5402a032.jpeg?rect=0%2C364%2C3500%2C1969&amp;w=750&amp;auto=format 750w,https:\/\/berliner-zeitung.imgix.net\/2021\/4\/19\/e4c8a442-3341-490c-8793-2d2b5402a032.jpeg?rect=0%2C364%2C3500%2C1969&amp;w=620&amp;auto=format 620w,https:\/\/berliner-zeitung.imgix.net\/2021\/4\/19\/e4c8a442-3341-490c-8793-2d2b5402a032.jpeg?rect=0%2C364%2C3500%2C1969&amp;w=450&amp;auto=format 450w,https:\/\/berliner-zeitung.imgix.net\/2021\/4\/19\/e4c8a442-3341-490c-8793-2d2b5402a032.jpeg?rect=0%2C364%2C3500%2C1969&amp;w=320&amp;auto=format 320w\" alt=\"\" data-src=\"https:\/\/berliner-zeitung.imgix.net\/2021\/4\/19\/e4c8a442-3341-490c-8793-2d2b5402a032.jpeg?rect=0%2C364%2C3500%2C1969&amp;w=1024&amp;auto=format\" data-srcset=\"https:\/\/berliner-zeitung.imgix.net\/2021\/4\/19\/e4c8a442-3341-490c-8793-2d2b5402a032.jpeg?rect=0%2C364%2C3500%2C1969&amp;w=1024&amp;auto=format 1024w,https:\/\/berliner-zeitung.imgix.net\/2021\/4\/19\/e4c8a442-3341-490c-8793-2d2b5402a032.jpeg?rect=0%2C364%2C3500%2C1969&amp;w=750&amp;auto=format 750w,https:\/\/berliner-zeitung.imgix.net\/2021\/4\/19\/e4c8a442-3341-490c-8793-2d2b5402a032.jpeg?rect=0%2C364%2C3500%2C1969&amp;w=620&amp;auto=format 620w,https:\/\/berliner-zeitung.imgix.net\/2021\/4\/19\/e4c8a442-3341-490c-8793-2d2b5402a032.jpeg?rect=0%2C364%2C3500%2C1969&amp;w=450&amp;auto=format 450w,https:\/\/berliner-zeitung.imgix.net\/2021\/4\/19\/e4c8a442-3341-490c-8793-2d2b5402a032.jpeg?rect=0%2C364%2C3500%2C1969&amp;w=320&amp;auto=format 320w\" data-sizes=\"(min-width: 1024px) 994px,(min-width: 768px) 726px,(min-width: 480px) 428px,100vw\" \/><\/div><figcaption class=\"c-image__text-group figcaption\">\n<div class=\"c-image__source-group\"><span class=\"c-image__text\">Imago\/Jens Jeske<\/span><\/div>\n<p><span class=\"c-image__text\">Die FDP-Vorsitzende Katja Suding hat sich f\u00fcr Unterricht im Freien ausgesprochen.<\/span><\/p>\n<\/figcaption><\/figure>\n<\/div>\n<\/div>\n<\/div>\n<div class=\"row\">\n<div class=\"col-xs-12 col-lg-12\">\n<div class=\"row\">\n<div class=\"col-lg-8 col-xs-12 main-content\">\n<div class=\"o-article\" data-t-name=\"Article\">\n<p class=\"a-paragraph\" data-t-name=\"Lead Paragraph\"><span class=\"a-paragraph-opener\">Berlin<\/span>\u00a0&#8211;\u00a0Angesichts drohender Schulschlie\u00dfungen durch das ge\u00e4nderte Infektionsschutzgesetz haben Politiker mehrerer Fraktionen Unterricht unter freiem Himmel gefordert. \u201eUnterricht im Freien oder die weitere Reduzierung der Lerngruppengr\u00f6\u00dfen sind zu durchdenken, bevor Schulen geschlossen werden\u201c, sagte der familienpolitische Sprecher der Unions-Fraktion im Bundestag, Marcus Weinberg, der Bild.<\/p>\n<p class=\"a-paragraph\" data-t-name=\"Paragraph\">Die Kinder und Jugendlichen seien nach der Zeit der Pandemie seelisch ersch\u00f6pft. \u201eAb Juni beginnt zudem die Ferienphase. Es w\u00e4re eine Katastrophe, wenn m\u00f6glicherweise bis Mitte August die Kinder keine Kita oder Schule mehr besuchen k\u00f6nnten\u201c, f\u00fcgte Weinberg hinzu.<\/p>\n<div class=\"ad-article-content-1\"><\/div>\n<p class=\"a-paragraph\" data-t-name=\"Paragraph\">Die stellvertretende FDP-Vorsitzende Katja Suding sprach sich ebenfalls f\u00fcr Unterricht in Parks oder im Schulhof aus. \u201eIch unterst\u00fctze alle sinnvollen Ma\u00dfnahmen, die Unterricht in Pr\u00e4senz wieder m\u00f6glich machen\u201c, sagte sie gegen\u00fcber der Zeitung. Schule im Freien k\u00f6nnte sinnvoll sein, Luftfilter und Hygienekonzepte in geschlossenen R\u00e4umen jedoch auch.<\/p>\n<div class=\"sidebar-section\">\n<div class=\"embed-container\">\n<div class=\"m-teasergroup\">\n<div class=\"m-teasergroup__single\">\n<div class=\"teaser-short\">\n<div class=\"teaser__img-wrap\"><\/div>\n<\/div>\n<\/div>\n<\/div>\n<\/div>\n<\/div>\n<h2 class=\"a-subtitle\">Gr\u00fcnen-Politiker h\u00e4lt Exkursionen in Parks oder W\u00e4lder f\u00fcr sinnvoll<\/h2>\n<p class=\"a-paragraph\" data-t-name=\"Paragraph\">Die stellvertretende SPD-Fraktionsvorsitzende B\u00e4rbel Bas sagte der Zeitung: \u201eDurch die Wissenschaft ist belegt, dass Aktivit\u00e4ten unter freiem Himmel sicherer sind als in geschlossenen R\u00e4umen. Daher klingt die M\u00f6glichkeit, Schulunterricht im Freien m\u00f6glich zu machen, erstmal gut und wird von manchen Schulen bei gutem Wetter auch spontan genutzt.\u201c<\/p>\n<p class=\"a-paragraph\" data-t-name=\"Paragraph\">Auch der Gr\u00fcnen-Abgeordnete Janosch Dahmen bezeichnete Schule im Freien als m\u00f6glichen Ausweg: \u201eUnterricht im Freien oder Exkursionen in Parks und W\u00e4ldern sind bei sinkender Inzidenz dann ein sehr pragmatischer und sinnvoller Schritt von \u00d6ffnungen\u201c, sagte er.<\/p>\n<p class=\"a-paragraph\" data-t-name=\"Paragraph\">Mit der<a href=\"https:\/\/www.berliner-zeitung.de\/news\/bundeskabinett-beschliesst-aenderung-des-infektionsschutzgesetz-li.152306\" target=\"_blank\" rel=\"noopener\">\u00a0bundeseinheitlichen Notbremse<\/a>\u00a0soll der Bund erstmals in der Pandemie weitreichende Kompetenzen in der Pandemiebek\u00e4mpfung von den L\u00e4ndern \u00fcbernehmen. Die Schulen sollen bei einem Inzidenzwert von 200 zum Distanzunterricht zur\u00fcckkehren. Das Gesetz soll am Mittwoch im Bundestag und am Donnerstag im Bundesrat beschlossen werden.<\/p>\n<h3 data-t-name=\"Paragraph\">Original Content:<\/h3>\n<p><a href=\"https:\/\/www.google.com\/url?rct=j&amp;sa=t&amp;url=https:\/\/www.berliner-zeitung.de\/news\/bundestagspolitiker-fordern-bei-schulschliessungen-unterricht-im-freien-li.153597&amp;ct=ga&amp;cd=CAEYACoTMTMxNDk5NjAxNDM2NDUxNzY0NjIbMTJkMTMwNGVhOGE3YjIzMDpkZTpkZTpERTpS&amp;usg=AFQjCNE-EoaRUtoawkKVJ8h7OCkW5-RnfA\">Berliner Zeitung<\/a>\u00a0 \u00a0&#8211;\u00a0 \u00a019.04.21\u00a0 \u00a0&#8211;\u00a0 \u00a009:00 Uhr<\/p>\n<\/div>\n<\/div>\n<\/div>\n<\/div>\n<\/div>\n","protected":false},"excerpt":{"rendered":"<p>Anstatt den Pr\u00e4senzunterricht ab der 200er-Inzidenz einzustellen, k\u00f6nnte der Unterricht in den Schulhof oder in Parks verlegt werden, finden die Abgeordneten. sba\/AFP,\u00a019.4.2021 &#8211; 07:33 Uhr Imago\/Jens Jeske Die FDP-Vorsitzende Katja [&#8230;]<\/p>\n","protected":false},"author":1,"featured_media":0,"comment_status":"open","ping_status":"closed","sticky":false,"template":"","format":"standard","meta":{"footnotes":""},"categories":[34],"tags":[542,199,590,585],"class_list":["post-1027","post","type-post","status-publish","format-standard","hentry","category-bildung","tag-fdpaktiv","tag-katja-suding","tag-praesenzunterricht","tag-schulschliessung"],"_links":{"self":[{"href":"https:\/\/fdp-aktiv.de\/blog\/wp-json\/wp\/v2\/posts\/1027","targetHints":{"allow":["GET"]}}],"collection":[{"href":"https:\/\/fdp-aktiv.de\/blog\/wp-json\/wp\/v2\/posts"}],"about":[{"href":"https:\/\/fdp-aktiv.de\/blog\/wp-json\/wp\/v2\/types\/post"}],"author":[{"embeddable":true,"href":"https:\/\/fdp-aktiv.de\/blog\/wp-json\/wp\/v2\/users\/1"}],"replies":[{"embeddable":true,"href":"https:\/\/fdp-aktiv.de\/blog\/wp-json\/wp\/v2\/comments?post=1027"}],"version-history":[{"count":3,"href":"https:\/\/fdp-aktiv.de\/blog\/wp-json\/wp\/v2\/posts\/1027\/revisions"}],"predecessor-version":[{"id":1032,"href":"https:\/\/fdp-aktiv.de\/blog\/wp-json\/wp\/v2\/posts\/1027\/revisions\/1032"}],"wp:attachment":[{"href":"https:\/\/fdp-aktiv.de\/blog\/wp-json\/wp\/v2\/media?parent=1027"}],"wp:term":[{"taxonomy":"category","embeddable":true,"href":"https:\/\/fdp-aktiv.de\/blog\/wp-json\/wp\/v2\/categories?post=1027"},{"taxonomy":"post_tag","embeddable":true,"href":"https:\/\/fdp-aktiv.de\/blog\/wp-json\/wp\/v2\/tags?post=1027"}],"curies":[{"name":"wp","href":"https:\/\/api.w.org\/{rel}","templated":true}]}}