{"id":10318,"date":"2023-03-25T08:36:37","date_gmt":"2023-03-25T07:36:37","guid":{"rendered":"https:\/\/fdp-aktiv.de\/blog\/?p=10318"},"modified":"2023-03-25T08:36:37","modified_gmt":"2023-03-25T07:36:37","slug":"hessen-knell-bestandsmanagement-fuer-den-wolf-bleibt-unverzichtbar","status":"publish","type":"post","link":"https:\/\/fdp-aktiv.de\/blog\/2023\/03\/25\/hessen-knell-bestandsmanagement-fuer-den-wolf-bleibt-unverzichtbar\/","title":{"rendered":"Hessen &#8211; KNELL: Bestandsmanagement f\u00fcr den Wolf bleibt unverzichtbar"},"content":{"rendered":"<div class=\"clearfix text-formatted field field--name-body field--type-text-with-summary field--label-hidden field__item\">\n<ul>\n<li><strong>FDP setzt sich mit Forderung nach mehr Herdenschutz durch<\/strong><\/li>\n<li><strong>Vorsichtiger Schritt in die richtige Richtung<\/strong><\/li>\n<li><strong>Ministerin muss Sorgen der Menschen ernst nehmen<\/strong><\/li>\n<\/ul>\n<p><a href=\"https:\/\/fdp-aktiv.de\/blog\/wp-content\/uploads\/2022\/02\/wolves-2178126_1280.jpg\"><img loading=\"lazy\" decoding=\"async\" class=\"aligncenter size-large wp-image-4458\" src=\"https:\/\/fdp-aktiv.de\/blog\/wp-content\/uploads\/2022\/02\/wolves-2178126_1280-1024x683.jpg\" alt=\"\" width=\"800\" height=\"534\" srcset=\"https:\/\/fdp-aktiv.de\/blog\/wp-content\/uploads\/2022\/02\/wolves-2178126_1280-1024x683.jpg 1024w, https:\/\/fdp-aktiv.de\/blog\/wp-content\/uploads\/2022\/02\/wolves-2178126_1280-300x200.jpg 300w, https:\/\/fdp-aktiv.de\/blog\/wp-content\/uploads\/2022\/02\/wolves-2178126_1280-768x512.jpg 768w, https:\/\/fdp-aktiv.de\/blog\/wp-content\/uploads\/2022\/02\/wolves-2178126_1280.jpg 1280w\" sizes=\"auto, (max-width: 800px) 100vw, 800px\" \/><\/a><\/p>\n<p>Wiebke KNELL, umweltpolitische Sprecherin der Freien Demokraten im Hessischen Landtag, hat die heute bekanntgegebene Entscheidung der Landesregierung, einen erweiterten Herdenschutz von Weidetieren vor W\u00f6lfen k\u00fcnftig landesweit zu f\u00f6rdern, als vorsichtigen Schritt in die richtige Richtung bezeichnet. \u201eDamit wird eine seit langem von uns Freien Demokraten formulierte Forderung endlich umgesetzt. Unverst\u00e4ndlich ist allerdings, warum die landesweite F\u00f6rderung von Schutzma\u00dfnahmen auf Halter von Schafen, Ziegen und Damwild beschr\u00e4nkt wird. Im Umkehrschluss hei\u00dft das, dass Halterinnen und Halter anderer Tierarten, die au\u00dferhalb der sogenannten Pr\u00e4ventionsgebiete leben, erst nach Wolfsangriffen auf ihre Tiere unterst\u00fctzt werden\u201c, erkl\u00e4rt Knell. Weitere Schritte m\u00fcssten umgehend folgen. \u201eEine st\u00e4rkere finanzielle Unterst\u00fctzung von Schutzma\u00dfnahmen \u00e4ndert nichts daran, dass eine Aufnahme des Wolfs ins Jagdrecht und ein Wolfsbestandsmanagement erforderlich sind. Dann k\u00f6nnten W\u00f6lfe im Zweifelsfall auch entnommen werden.\u00a0Dauerhaft wird eine unkontrolliert wachsende Wolfspopulation in Hessen nicht mit der Weidetierhaltung vereinbar sein\u201c, erl\u00e4utert Knell. Problemw\u00f6lfe k\u00f6nnten rechtlich schon jetzt benannt und erschossen werden.<\/p>\n<p>Knell erinnert daran, dass besorgte Weidetierhalter schon lange auf ihre N\u00f6te aufmerksam machen und gro\u00dfer Druck erforderlich war, bis sich die Landesregierung nun ein kleines St\u00fcck bewegt hat. \u201eTierhalter sind genauso in Sorge wie andere B\u00fcrgerinnen und B\u00fcrger, die schlicht und ergreifend Angst haben, wenn W\u00f6lfe sogar in die N\u00e4he von Wohngebieten kommen. Das muss auch die gr\u00fcne Umweltministerin ernst nehmen\u201c, fordert Knell. \u201eHier geht es nicht um die Frage des Arterhalts, sondern um die Frage, das Zusammenleben von Mensch und Wolf sinnvoll zu gestalteten.\u201c<\/p>\n<\/div>\n","protected":false},"excerpt":{"rendered":"<p>FDP setzt sich mit Forderung nach mehr Herdenschutz durch Vorsichtiger Schritt in die richtige Richtung Ministerin muss Sorgen der Menschen ernst nehmen Wiebke KNELL, umweltpolitische Sprecherin der Freien Demokraten im [&#8230;]<\/p>\n","protected":false},"author":1,"featured_media":0,"comment_status":"open","ping_status":"closed","sticky":false,"template":"","format":"standard","meta":{"footnotes":""},"categories":[249],"tags":[635,2172,1771],"class_list":["post-10318","post","type-post","status-publish","format-standard","hentry","category-umwelt","tag-fdp-hessen","tag-wiebke-knell","tag-wolf"],"_links":{"self":[{"href":"https:\/\/fdp-aktiv.de\/blog\/wp-json\/wp\/v2\/posts\/10318","targetHints":{"allow":["GET"]}}],"collection":[{"href":"https:\/\/fdp-aktiv.de\/blog\/wp-json\/wp\/v2\/posts"}],"about":[{"href":"https:\/\/fdp-aktiv.de\/blog\/wp-json\/wp\/v2\/types\/post"}],"author":[{"embeddable":true,"href":"https:\/\/fdp-aktiv.de\/blog\/wp-json\/wp\/v2\/users\/1"}],"replies":[{"embeddable":true,"href":"https:\/\/fdp-aktiv.de\/blog\/wp-json\/wp\/v2\/comments?post=10318"}],"version-history":[{"count":1,"href":"https:\/\/fdp-aktiv.de\/blog\/wp-json\/wp\/v2\/posts\/10318\/revisions"}],"predecessor-version":[{"id":10319,"href":"https:\/\/fdp-aktiv.de\/blog\/wp-json\/wp\/v2\/posts\/10318\/revisions\/10319"}],"wp:attachment":[{"href":"https:\/\/fdp-aktiv.de\/blog\/wp-json\/wp\/v2\/media?parent=10318"}],"wp:term":[{"taxonomy":"category","embeddable":true,"href":"https:\/\/fdp-aktiv.de\/blog\/wp-json\/wp\/v2\/categories?post=10318"},{"taxonomy":"post_tag","embeddable":true,"href":"https:\/\/fdp-aktiv.de\/blog\/wp-json\/wp\/v2\/tags?post=10318"}],"curies":[{"name":"wp","href":"https:\/\/api.w.org\/{rel}","templated":true}]}}