{"id":1033,"date":"2021-04-19T12:23:52","date_gmt":"2021-04-19T10:23:52","guid":{"rendered":"https:\/\/fdp-aktiv.de\/blog\/?p=1033"},"modified":"2021-04-19T12:23:52","modified_gmt":"2021-04-19T10:23:52","slug":"auswirkung-des-brexit-auf-mobilitaet-und-logistik","status":"publish","type":"post","link":"https:\/\/fdp-aktiv.de\/blog\/2021\/04\/19\/auswirkung-des-brexit-auf-mobilitaet-und-logistik\/","title":{"rendered":"Auswirkung des Brexit auf Mobilit\u00e4t und Logistik"},"content":{"rendered":"<p>Laut einer kleinen Anfrage der FDP-Fraktion im Bundestag gibt es trotz der Mehrarbeit durch den Brexit eine Personall\u00fccke in der deutschen Zollverwaltung. Rund 4.000 Stellen sind nicht besetzt.<\/p>\n<p><img decoding=\"async\" src=\"https:\/\/imgr1.eurotransport.de\/image-articleDetail-825d698-324729.jpg\" \/><\/p>\n<p>Kilometerlange Lkw-Staus, die sich bis zum F\u00e4hrenanleger in Dover stauen, Berichte von Lkw, die notgedrungen mehrere Tage im Stau standen &#8211; das sind die bleibenden Bilder des Brexits. In einer kleinen Anfrage hat die FDP-Fraktion im Bundestag jetzt bei der Bundesregierung die aktuelle Situation bei den Zollformalit\u00e4ten zwischen Gro\u00dfbritannien und\u00a0<span class=\"vm-hook-outer vm-hook-default\"><span class=\"vm-hook\">Europa<\/span><\/span>\u00a0angefragt.<\/p>\n<p>Laut der Antwort der Bundesregierung ist die deutsche Zollverwaltung aktuell in der Lage, korrekt angemeldete Waren in der Regel zeitnah zollrechtlich abzufertigen. Zur Situation an britischen Zolldienststellen liegen der Bundesregierung keine Daten vor. \u201eIn diesem Zusammenhang hat sich gezeigt, dass auf Seiten etlicher Wirtschaftsbeteiligter noch Schwierigkeiten hinsichtlich der Anforderungen an die nach EU-Recht erforderlichen Zollformalit\u00e4ten bestehen\u201c, auch andere Mitgliedstaaten, insbesondere Frankreich,\u00a0<span class=\"vm-hook-outer vm-hook-default\"><span class=\"vm-hook\">Niederlande<\/span><\/span>\u00a0und Belgien, w\u00fcrden von diesen Schwierigkeiten berichten.<\/p>\n<p>Wie es in der Antwort auf die kleine Anfrage weiter hei\u00dft, waren bei der Zollverwaltung im Haushalt insgesamt 41.716,2 Planstellen und Stellen f\u00fcr die Zollverwaltung ausgebracht. Hiervon seien zum Stichtag 31. M\u00e4rz 2021 insgesamt rund 37.728 besetzt. Weitere Besetzungen w\u00fcrden voraussichtlich bereits in der ersten Jahresh\u00e4lfte 2021 durch extern ausgebildetes Personal erfolgen.<\/p>\n<p>Erleichterung sollen im\u00a0<span class=\"vm-hook-outer vm-hook-default\"><span class=\"vm-hook\">Sommer<\/span><\/span>\u00a0die ausgebildeten Nachwuchskr\u00e4fte schaffen, die dann ebenfalls eingegliedert werden \u2013 erwartet werden demnach rund 1.500 Nachwuchskr\u00e4fte.<\/p>\n<p>Der verkehrspolitische Sprecher der FDP-Bundestagsfraktion, Oliver Luksic, sagt dazu: &#8220;Der Bundestag hat Ende 2018 eine deutliche personelle Verst\u00e4rkung beim Zoll um 900 Planstellen beschlossen. Stand heute sind aber fast 4000 Stellen in der Zollverwaltung unbesetzt. Eine solche L\u00fccke ist unverst\u00e4ndlich und hat deutliche Auswirkungen auf die\u00a0<span class=\"vm-hook-outer vm-hook-default vm-hook-inview\"><span class=\"vm-hook\">Leistungsf\u00e4higkeit <\/span><\/span>des Zolls, gerade in Zeiten von Brexit und Corona. Hier muss dringend mehr unternommen werden, damit Warenstr\u00f6me nicht ausgebremst werden.&#8221;<\/p>\n<p>&nbsp;<\/p>\n<h3>Original Content:<\/h3>\n<p><a href=\"https:\/\/www.eurotransport.de\/artikel\/kleine-anfrage-der-fdp-fraktion-auswirkung-des-brexit-auf-mobilitaet-und-logistik-11182616.html\">Eurotransport.de<\/a>\u00a0 \u00a0&#8211;\u00a0 \u00a019.04.21\u00a0 \u00a0&#8211;\u00a0 \u00a012:00 Uhr<\/p>\n<p>&nbsp;<\/p>\n<h3>weitere Themen:<\/h3>\n<p><a href=\"https:\/\/fdp-aktiv.de\/blog\/2021\/03\/30\/fdp-fordert-neues-eu-sanktionspaket-fuer-myanmar\/\">FDP fordert neues EU-Sanktionspaket f\u00fcr Myanmar<\/a><\/p>\n<p>&nbsp;<\/p>\n","protected":false},"excerpt":{"rendered":"<p>Laut einer kleinen Anfrage der FDP-Fraktion im Bundestag gibt es trotz der Mehrarbeit durch den Brexit eine Personall\u00fccke in der deutschen Zollverwaltung. Rund 4.000 Stellen sind nicht besetzt. Kilometerlange Lkw-Staus, [&#8230;]<\/p>\n","protected":false},"author":1,"featured_media":0,"comment_status":"open","ping_status":"closed","sticky":false,"template":"","format":"standard","meta":{"footnotes":""},"categories":[5],"tags":[591,592,593],"class_list":["post-1033","post","type-post","status-publish","format-standard","hentry","category-aussenpolitik","tag-brexit","tag-personalluecke","tag-zoll"],"_links":{"self":[{"href":"https:\/\/fdp-aktiv.de\/blog\/wp-json\/wp\/v2\/posts\/1033","targetHints":{"allow":["GET"]}}],"collection":[{"href":"https:\/\/fdp-aktiv.de\/blog\/wp-json\/wp\/v2\/posts"}],"about":[{"href":"https:\/\/fdp-aktiv.de\/blog\/wp-json\/wp\/v2\/types\/post"}],"author":[{"embeddable":true,"href":"https:\/\/fdp-aktiv.de\/blog\/wp-json\/wp\/v2\/users\/1"}],"replies":[{"embeddable":true,"href":"https:\/\/fdp-aktiv.de\/blog\/wp-json\/wp\/v2\/comments?post=1033"}],"version-history":[{"count":1,"href":"https:\/\/fdp-aktiv.de\/blog\/wp-json\/wp\/v2\/posts\/1033\/revisions"}],"predecessor-version":[{"id":1034,"href":"https:\/\/fdp-aktiv.de\/blog\/wp-json\/wp\/v2\/posts\/1033\/revisions\/1034"}],"wp:attachment":[{"href":"https:\/\/fdp-aktiv.de\/blog\/wp-json\/wp\/v2\/media?parent=1033"}],"wp:term":[{"taxonomy":"category","embeddable":true,"href":"https:\/\/fdp-aktiv.de\/blog\/wp-json\/wp\/v2\/categories?post=1033"},{"taxonomy":"post_tag","embeddable":true,"href":"https:\/\/fdp-aktiv.de\/blog\/wp-json\/wp\/v2\/tags?post=1033"}],"curies":[{"name":"wp","href":"https:\/\/api.w.org\/{rel}","templated":true}]}}