{"id":10344,"date":"2023-03-28T13:54:46","date_gmt":"2023-03-28T11:54:46","guid":{"rendered":"https:\/\/fdp-aktiv.de\/blog\/?p=10344"},"modified":"2023-03-28T13:54:46","modified_gmt":"2023-03-28T11:54:46","slug":"berlin-lars-f-lindemann-mdb-generalsekretaer-und-gesundheitsexperte-der-fdp-berlin-zur-berichterstattung-ueber-die-veralteten-computersysteme-der-charite-die-ab-2027-nicht-mehr-unterstuetzt-werde","status":"publish","type":"post","link":"https:\/\/fdp-aktiv.de\/blog\/2023\/03\/28\/berlin-lars-f-lindemann-mdb-generalsekretaer-und-gesundheitsexperte-der-fdp-berlin-zur-berichterstattung-ueber-die-veralteten-computersysteme-der-charite-die-ab-2027-nicht-mehr-unterstuetzt-werde\/","title":{"rendered":"BERLIN: Lars F. Lindemann MdB, Generalsekret\u00e4r und Gesundheitsexperte der FDP Berlin, zur Berichterstattung \u00fcber die veralteten Computersysteme der Charit\u00e9, die ab 2027 nicht mehr unterst\u00fctzt werden:"},"content":{"rendered":"<figure id=\"attachment_10345\" aria-describedby=\"caption-attachment-10345\" style=\"width: 800px\" class=\"wp-caption aligncenter\"><a href=\"https:\/\/fdp-aktiv.de\/blog\/wp-content\/uploads\/2023\/03\/LL_05237-min-scaled.jpg\"><img loading=\"lazy\" decoding=\"async\" class=\"size-large wp-image-10345\" src=\"https:\/\/fdp-aktiv.de\/blog\/wp-content\/uploads\/2023\/03\/LL_05237-min-1024x683.jpg\" alt=\"Lars Lindemann\" width=\"800\" height=\"534\" srcset=\"https:\/\/fdp-aktiv.de\/blog\/wp-content\/uploads\/2023\/03\/LL_05237-min-1024x683.jpg 1024w, https:\/\/fdp-aktiv.de\/blog\/wp-content\/uploads\/2023\/03\/LL_05237-min-300x200.jpg 300w, https:\/\/fdp-aktiv.de\/blog\/wp-content\/uploads\/2023\/03\/LL_05237-min-768x512.jpg 768w, https:\/\/fdp-aktiv.de\/blog\/wp-content\/uploads\/2023\/03\/LL_05237-min-1536x1025.jpg 1536w, https:\/\/fdp-aktiv.de\/blog\/wp-content\/uploads\/2023\/03\/LL_05237-min-2048x1366.jpg 2048w\" sizes=\"auto, (max-width: 800px) 100vw, 800px\" \/><\/a><figcaption id=\"caption-attachment-10345\" class=\"wp-caption-text\">Lars Lindemann<\/figcaption><\/figure>\n<p>Deutschlands gr\u00f6\u00dfte Universit\u00e4tsklinik, die Charit\u00e9, ist f\u00fcr hochmoderne Medizin, Forschung und Wissenschaft bekannt und somit ein Magnet f\u00fcr viele Menschen aus dem In- und Ausland. Darum ist es auch von enormer Bedeutung, dass Qualifikation des Personals, medizinische Ausstattung und Digitalisierung im Einklang stehen. Jedoch bei der Digitalisierung h\u00e4ngt es. Ein veraltetes Klinikinformationssystem (KIS) ist weder Grundlage f\u00fcr k\u00fcnftige weitere Digitalisierungsschritte noch taugliche Basis f\u00fcr effektive Versorgungsforschung und schon gar nicht taugliches Arbeitsmittel. Darum muss jetzt durch das Land Berlin unverz\u00fcglich gehandelt und nicht bis 2027 gewartet werden. Der neue Berliner Senat ist hier in der Pflicht. Bereits vor der Wahl 2021 haben SPD und CDU den Berliner Krankenh\u00e4usern versprochen, den enormen Investitionsstau aufzul\u00f6sen, f\u00fcr den das Land Berlin durch seine Haushaltspolitik der letzten 20 Jahre verantwortlich ist. Der Blick auf den Bund soll hier nur von den eigenen Vers\u00e4umnissen ablenken.<\/p>\n","protected":false},"excerpt":{"rendered":"<p>Deutschlands gr\u00f6\u00dfte Universit\u00e4tsklinik, die Charit\u00e9, ist f\u00fcr hochmoderne Medizin, Forschung und Wissenschaft bekannt und somit ein Magnet f\u00fcr viele Menschen aus dem In- und Ausland. Darum ist es auch von [&#8230;]<\/p>\n","protected":false},"author":1,"featured_media":0,"comment_status":"open","ping_status":"closed","sticky":false,"template":"","format":"standard","meta":{"footnotes":""},"categories":[123],"tags":[1505,706,3242],"class_list":["post-10344","post","type-post","status-publish","format-standard","hentry","category-gesundheit","tag-charite","tag-fdp-berlin","tag-lars-lindemann"],"_links":{"self":[{"href":"https:\/\/fdp-aktiv.de\/blog\/wp-json\/wp\/v2\/posts\/10344","targetHints":{"allow":["GET"]}}],"collection":[{"href":"https:\/\/fdp-aktiv.de\/blog\/wp-json\/wp\/v2\/posts"}],"about":[{"href":"https:\/\/fdp-aktiv.de\/blog\/wp-json\/wp\/v2\/types\/post"}],"author":[{"embeddable":true,"href":"https:\/\/fdp-aktiv.de\/blog\/wp-json\/wp\/v2\/users\/1"}],"replies":[{"embeddable":true,"href":"https:\/\/fdp-aktiv.de\/blog\/wp-json\/wp\/v2\/comments?post=10344"}],"version-history":[{"count":1,"href":"https:\/\/fdp-aktiv.de\/blog\/wp-json\/wp\/v2\/posts\/10344\/revisions"}],"predecessor-version":[{"id":10346,"href":"https:\/\/fdp-aktiv.de\/blog\/wp-json\/wp\/v2\/posts\/10344\/revisions\/10346"}],"wp:attachment":[{"href":"https:\/\/fdp-aktiv.de\/blog\/wp-json\/wp\/v2\/media?parent=10344"}],"wp:term":[{"taxonomy":"category","embeddable":true,"href":"https:\/\/fdp-aktiv.de\/blog\/wp-json\/wp\/v2\/categories?post=10344"},{"taxonomy":"post_tag","embeddable":true,"href":"https:\/\/fdp-aktiv.de\/blog\/wp-json\/wp\/v2\/tags?post=10344"}],"curies":[{"name":"wp","href":"https:\/\/api.w.org\/{rel}","templated":true}]}}