{"id":1035,"date":"2021-04-19T12:28:42","date_gmt":"2021-04-19T10:28:42","guid":{"rendered":"https:\/\/fdp-aktiv.de\/blog\/?p=1035"},"modified":"2021-04-19T12:28:42","modified_gmt":"2021-04-19T10:28:42","slug":"fdp-fordert-europaeisches-kriminalamt","status":"publish","type":"post","link":"https:\/\/fdp-aktiv.de\/blog\/2021\/04\/19\/fdp-fordert-europaeisches-kriminalamt\/","title":{"rendered":"FDP fordert Europ\u00e4isches Kriminalamt"},"content":{"rendered":"<figure style=\"width: 780px\" class=\"wp-caption alignnone\"><img loading=\"lazy\" decoding=\"async\" src=\"https:\/\/www.bsaktuell.de\/wp-content\/uploads\/2021\/04\/fb_image-191-780x470.jpeg\" alt=\"fb_image.jpeg\" width=\"780\" height=\"470\" \/><figcaption class=\"wp-caption-text\">Foto: Europaflagge, \u00fcber dts Nachrichtenagentur<\/figcaption><\/figure>\n<p>&nbsp;<\/p>\n<p><strong>Berlin<\/strong> (dts Nachrichtenagentur) \u2013 Zur besseren Verbrechensbek\u00e4mpfung in Europa ist nach Ansicht der FDP der Aufbau eines Europ\u00e4ischen Kriminalamtes mit eigenen Ermittlungsbefugnissen bei der Strafverfolgung unverzichtbar. Die Bundesregierung m\u00fcsse sich daf\u00fcr einsetzen, bei der anstehenden Reform der EU-Polizeibeh\u00f6rde Europol ein solches Kriminalamt zu schaffen, das erstmals eigenst\u00e4ndige Ermittlungen zu Straftaten in der EU einleiten und durchf\u00fchren d\u00fcrfe, hei\u00dft es in einem Antrag der FDP-Bundestagsfraktion, \u00fcber den die Zeitungen der Funke-Mediengruppe berichten.<\/p>\n<p>\u201eOffene Binnengrenzen in der EU d\u00fcrfen kein Geschenk f\u00fcr Terroristen und Kriminelle sein. Europol muss zu einem Europ\u00e4ischen Kriminalamt ausgebaut werden, damit die Polizei vernetzter agieren kann als das Verbrechen\u201c, sagte der innenpolitische Sprecher der Fraktion, Konstantin Kuhle. Bislang hielten die EU-Mitgliedstaaten aber an ihren nationalen Befugnissen fest. Die EU-Kommission hatte Ende 2020 einen Reformvorschlag f\u00fcr Europol vorgelegt, der aber weit hinter dieser Forderung zur\u00fcckbleibt \u2013 die Beh\u00f6rde soll Mitgliedstaaten lediglich zu Ermittlungen auffordern k\u00f6nnen, besser mit privaten Unternehmen beim Datenaustausch etwa zur Terrorbek\u00e4mpfung zusammenarbeiten und auch die Kooperation mit Drittstaaten intensivieren. Kuhle sagte: \u201eDiese Vorschl\u00e4ge gehen in eine sinnvolle Richtung, sind jedoch nicht ausreichend, um die europ\u00e4ische Strafverfolgung langfristig gut aufzustellen. Europol muss zu einer modernen Strafverfolgungsbeh\u00f6rde ausgebaut werden.\u201c Dazu sei auch ein h\u00f6heres Budget und mehr Personal notwendig. Angesichts von mehr Befugnissen m\u00fcsse dann aber auch die parlamentarische und gerichtliche Kontrolle von Europol entschlossen ausgebaut werden.<\/p>\n<p>&nbsp;<\/p>\n<p>Original Content:<\/p>\n<p>&nbsp;<\/p>\n<p><a href=\"https:\/\/www.bsaktuell.de\/weitere-news\/fdp-fordert-europaeisches-kriminalamt\/210581\/\">BSAktuell.de<\/a>\u00a0 \u00a0&#8211;\u00a0 \u00a019.04.21\u00a0 \u00a0&#8211;\u00a0 \u00a012:00 Uhr<\/p>\n","protected":false},"excerpt":{"rendered":"<p>&nbsp; Berlin (dts Nachrichtenagentur) \u2013 Zur besseren Verbrechensbek\u00e4mpfung in Europa ist nach Ansicht der FDP der Aufbau eines Europ\u00e4ischen Kriminalamtes mit eigenen Ermittlungsbefugnissen bei der Strafverfolgung unverzichtbar. Die Bundesregierung m\u00fcsse [&#8230;]<\/p>\n","protected":false},"author":1,"featured_media":0,"comment_status":"open","ping_status":"closed","sticky":false,"template":"","format":"standard","meta":{"footnotes":""},"categories":[5],"tags":[594,595,596],"class_list":["post-1035","post","type-post","status-publish","format-standard","hentry","category-aussenpolitik","tag-europaeisches-kriminalamt","tag-europol","tag-straftaten"],"_links":{"self":[{"href":"https:\/\/fdp-aktiv.de\/blog\/wp-json\/wp\/v2\/posts\/1035","targetHints":{"allow":["GET"]}}],"collection":[{"href":"https:\/\/fdp-aktiv.de\/blog\/wp-json\/wp\/v2\/posts"}],"about":[{"href":"https:\/\/fdp-aktiv.de\/blog\/wp-json\/wp\/v2\/types\/post"}],"author":[{"embeddable":true,"href":"https:\/\/fdp-aktiv.de\/blog\/wp-json\/wp\/v2\/users\/1"}],"replies":[{"embeddable":true,"href":"https:\/\/fdp-aktiv.de\/blog\/wp-json\/wp\/v2\/comments?post=1035"}],"version-history":[{"count":1,"href":"https:\/\/fdp-aktiv.de\/blog\/wp-json\/wp\/v2\/posts\/1035\/revisions"}],"predecessor-version":[{"id":1036,"href":"https:\/\/fdp-aktiv.de\/blog\/wp-json\/wp\/v2\/posts\/1035\/revisions\/1036"}],"wp:attachment":[{"href":"https:\/\/fdp-aktiv.de\/blog\/wp-json\/wp\/v2\/media?parent=1035"}],"wp:term":[{"taxonomy":"category","embeddable":true,"href":"https:\/\/fdp-aktiv.de\/blog\/wp-json\/wp\/v2\/categories?post=1035"},{"taxonomy":"post_tag","embeddable":true,"href":"https:\/\/fdp-aktiv.de\/blog\/wp-json\/wp\/v2\/tags?post=1035"}],"curies":[{"name":"wp","href":"https:\/\/api.w.org\/{rel}","templated":true}]}}