{"id":10361,"date":"2023-03-29T16:22:05","date_gmt":"2023-03-29T14:22:05","guid":{"rendered":"https:\/\/fdp-aktiv.de\/blog\/?p=10361"},"modified":"2023-03-29T16:22:05","modified_gmt":"2023-03-29T14:22:05","slug":"dr-naas-29-autobahnprojekte-in-hessen-koennen-schnell-umgesetzt-werden","status":"publish","type":"post","link":"https:\/\/fdp-aktiv.de\/blog\/2023\/03\/29\/dr-naas-29-autobahnprojekte-in-hessen-koennen-schnell-umgesetzt-werden\/","title":{"rendered":"DR. NAAS: 29 Autobahnprojekte in Hessen k\u00f6nnen schnell umgesetzt werden"},"content":{"rendered":"<ul>\n<li><strong>Ampel im Bund stellt \u00fcberragendes \u00f6ffentliches Interesse fest<\/strong><\/li>\n<li><strong>Weniger Staus, fl\u00fcssigerer Verkehr<\/strong><\/li>\n<li><strong>L\u00fccken werden geschlossen, Engp\u00e4sse beseitigt<\/strong><\/li>\n<\/ul>\n<figure id=\"attachment_3190\" aria-describedby=\"caption-attachment-3190\" style=\"width: 800px\" class=\"wp-caption aligncenter\"><a href=\"https:\/\/fdp-aktiv.de\/blog\/wp-content\/uploads\/2021\/11\/2019.02.26_FDP_Dr.StefanNaas-1.jpg\"><img loading=\"lazy\" decoding=\"async\" class=\"size-large wp-image-3190\" src=\"https:\/\/fdp-aktiv.de\/blog\/wp-content\/uploads\/2021\/11\/2019.02.26_FDP_Dr.StefanNaas-1-1024x684.jpg\" alt=\"\" width=\"800\" height=\"534\" srcset=\"https:\/\/fdp-aktiv.de\/blog\/wp-content\/uploads\/2021\/11\/2019.02.26_FDP_Dr.StefanNaas-1-1024x684.jpg 1024w, https:\/\/fdp-aktiv.de\/blog\/wp-content\/uploads\/2021\/11\/2019.02.26_FDP_Dr.StefanNaas-1-300x200.jpg 300w, https:\/\/fdp-aktiv.de\/blog\/wp-content\/uploads\/2021\/11\/2019.02.26_FDP_Dr.StefanNaas-1-768x513.jpg 768w, https:\/\/fdp-aktiv.de\/blog\/wp-content\/uploads\/2021\/11\/2019.02.26_FDP_Dr.StefanNaas-1-1536x1025.jpg 1536w, https:\/\/fdp-aktiv.de\/blog\/wp-content\/uploads\/2021\/11\/2019.02.26_FDP_Dr.StefanNaas-1.jpg 2048w\" sizes=\"auto, (max-width: 800px) 100vw, 800px\" \/><\/a><figcaption id=\"caption-attachment-3190\" class=\"wp-caption-text\">Dr. Stefan Naas<\/figcaption><\/figure>\n<p>Dr. Stefan NAAS, Spitzenkandidat der FDP Hessen f\u00fcr die Landtagswahl am 8. Oktober, hat die Beschl\u00fcsse des Koalitionsausschusses der Ampel-Regierung in Berlin als Durchbruch f\u00fcr die Modernisierung der hessischen Verkehrsinfrastruktur bezeichnet. \u201e29 Autobahnprojekte in Hessen k\u00f6nnen schnell umgesetzt werden, weil sie \u00fcberragendes \u00f6ffentliches Interesse haben, was entsprechend festgeschrieben wird. Das ist gerade f\u00fcr den Wirtschaftsstandort Hessen von Bedeutung, der au\u00dfer einer leistungsstarken Schieneninfrastruktur auch ein modernes Stra\u00dfennetz braucht\u201c, erkl\u00e4rt Naas. Konkret handelt es sich bei den Projekten um L\u00fcckenschl\u00fcsse und Beseitigungen von Engp\u00e4ssen an den Autobahnen A3, A5, A45, A60, A66, A67 und A661. \u201eDie Umsetzung dieser Projekte bedeutet f\u00fcr die Autofahrerinnen und Autofahrer weniger Staus und einen fl\u00fcssigeren Verkehr. Dem darf sich die schwarz-gr\u00fcne Landesregierung nicht verwehren\u201c, fordert Naas.<\/p>\n<p>Er erg\u00e4nzt: \u201eGut ist auch, dass nach dem Beschluss marode Br\u00fccken jetzt deutlich schneller und einfacher saniert oder ersetzt werden k\u00f6nnen. Welche negativen Auswirkungen eine marode Br\u00fccken-Infrastruktur haben kann, hat hessischen Pendlerinnen und Pendlern der Fall der Salzbachtalbr\u00fccke in Wiesbaden vor Augen gef\u00fchrt.\u201c<\/p>\n<p>&nbsp;<\/p>\n","protected":false},"excerpt":{"rendered":"<p>Ampel im Bund stellt \u00fcberragendes \u00f6ffentliches Interesse fest Weniger Staus, fl\u00fcssigerer Verkehr L\u00fccken werden geschlossen, Engp\u00e4sse beseitigt Dr. Stefan NAAS, Spitzenkandidat der FDP Hessen f\u00fcr die Landtagswahl am 8. Oktober, [&#8230;]<\/p>\n","protected":false},"author":1,"featured_media":0,"comment_status":"open","ping_status":"closed","sticky":false,"template":"","format":"standard","meta":{"footnotes":""},"categories":[144],"tags":[2025,1302,635,2854],"class_list":["post-10361","post","type-post","status-publish","format-standard","hentry","category-verkehr-innenpolitik","tag-autobahn","tag-dr-stefan-naas","tag-fdp-hessen","tag-verkehrsinfrastruktur"],"_links":{"self":[{"href":"https:\/\/fdp-aktiv.de\/blog\/wp-json\/wp\/v2\/posts\/10361","targetHints":{"allow":["GET"]}}],"collection":[{"href":"https:\/\/fdp-aktiv.de\/blog\/wp-json\/wp\/v2\/posts"}],"about":[{"href":"https:\/\/fdp-aktiv.de\/blog\/wp-json\/wp\/v2\/types\/post"}],"author":[{"embeddable":true,"href":"https:\/\/fdp-aktiv.de\/blog\/wp-json\/wp\/v2\/users\/1"}],"replies":[{"embeddable":true,"href":"https:\/\/fdp-aktiv.de\/blog\/wp-json\/wp\/v2\/comments?post=10361"}],"version-history":[{"count":1,"href":"https:\/\/fdp-aktiv.de\/blog\/wp-json\/wp\/v2\/posts\/10361\/revisions"}],"predecessor-version":[{"id":10364,"href":"https:\/\/fdp-aktiv.de\/blog\/wp-json\/wp\/v2\/posts\/10361\/revisions\/10364"}],"wp:attachment":[{"href":"https:\/\/fdp-aktiv.de\/blog\/wp-json\/wp\/v2\/media?parent=10361"}],"wp:term":[{"taxonomy":"category","embeddable":true,"href":"https:\/\/fdp-aktiv.de\/blog\/wp-json\/wp\/v2\/categories?post=10361"},{"taxonomy":"post_tag","embeddable":true,"href":"https:\/\/fdp-aktiv.de\/blog\/wp-json\/wp\/v2\/tags?post=10361"}],"curies":[{"name":"wp","href":"https:\/\/api.w.org\/{rel}","templated":true}]}}