{"id":10368,"date":"2023-03-29T16:27:37","date_gmt":"2023-03-29T14:27:37","guid":{"rendered":"https:\/\/fdp-aktiv.de\/blog\/?p=10368"},"modified":"2023-03-29T16:27:37","modified_gmt":"2023-03-29T14:27:37","slug":"baden-wuerttemberg-bonath-heizungsverbot-verhindert-wahlfreiheit-gesichert","status":"publish","type":"post","link":"https:\/\/fdp-aktiv.de\/blog\/2023\/03\/29\/baden-wuerttemberg-bonath-heizungsverbot-verhindert-wahlfreiheit-gesichert\/","title":{"rendered":"Baden-W\u00fcrttemberg &#8211; Bonath: Heizungsverbot verhindert, Wahlfreiheit gesichert"},"content":{"rendered":"<p>FDP sichert Wahlfreiheit in der W\u00e4rmeversorgung<\/p>\n<p>Zur gestrigen Einigung des Koalitionsausschusses der Bundesregierung sagte der energiepolitische Sprecher der FDP\/DVP-Fraktion, <strong>Frank Bonath<\/strong>:<\/p>\n<figure id=\"attachment_4031\" aria-describedby=\"caption-attachment-4031\" style=\"width: 800px\" class=\"wp-caption aligncenter\"><a href=\"https:\/\/fdp-aktiv.de\/blog\/wp-content\/uploads\/2022\/01\/Web_bonath_0293_final.jpg\"><img loading=\"lazy\" decoding=\"async\" class=\"size-large wp-image-4031\" src=\"https:\/\/fdp-aktiv.de\/blog\/wp-content\/uploads\/2022\/01\/Web_bonath_0293_final-1024x682.jpg\" alt=\"\" width=\"800\" height=\"533\" srcset=\"https:\/\/fdp-aktiv.de\/blog\/wp-content\/uploads\/2022\/01\/Web_bonath_0293_final-1024x682.jpg 1024w, https:\/\/fdp-aktiv.de\/blog\/wp-content\/uploads\/2022\/01\/Web_bonath_0293_final-300x200.jpg 300w, https:\/\/fdp-aktiv.de\/blog\/wp-content\/uploads\/2022\/01\/Web_bonath_0293_final-768x512.jpg 768w, https:\/\/fdp-aktiv.de\/blog\/wp-content\/uploads\/2022\/01\/Web_bonath_0293_final-1536x1024.jpg 1536w, https:\/\/fdp-aktiv.de\/blog\/wp-content\/uploads\/2022\/01\/Web_bonath_0293_final.jpg 2000w\" sizes=\"auto, (max-width: 800px) 100vw, 800px\" \/><\/a><figcaption id=\"caption-attachment-4031\" class=\"wp-caption-text\">Frank Bonath<\/figcaption><\/figure>\n<p>\u201eDie gestern verk\u00fcndete Einigung des Koalitionsausschusses der Bundesregierung ist ein starkes Signal f\u00fcr den gleichberechtigen Wettbewerb der Energietr\u00e4ger und die technologieoffene Transformation in der W\u00e4rmeversorgung. Auf Betreiben der FDP konnte das von den Gr\u00fcnen geplante Verbot von Gas- und \u00d6lheizungen verhindert und die Wahlfreiheit in der W\u00e4rmeversorgung gesichert werden. E-Fuels, Biomethan und Wasserstoff werden eine zentrale Rolle in der W\u00e4rmeversorgung spielen und Millionen \u00d6l- und Gaskunden einen aufwandsarmen Umstieg auf Klimaneutralit\u00e4t erm\u00f6glichen.<\/p>\n<p>Die gr\u00fcn-schwarze Landesregierung muss diesem Beispiel nun folgen. Statt Millionen Haushalte zum Einbau von W\u00e4rmepumpen zu dr\u00e4ngen, die Personalengp\u00e4sse im Handwerk zu versch\u00e4rfen und das Stromnetz zu strapazieren, sollte sich auch die gr\u00fcn-schwarze Landesregierung f\u00fcr mehr Wahlfreiheit in der W\u00e4rmeversorgung stark machen! Auch in Baden-W\u00fcrttemberg d\u00fcrfen E-Fuels, Biomethan und Wasserstoff nicht von vornherein ausgeschlossen, \u00d6l- und Gaskunden nicht einseitig diskriminiert werden!\u201c<\/p>\n","protected":false},"excerpt":{"rendered":"<p>FDP sichert Wahlfreiheit in der W\u00e4rmeversorgung Zur gestrigen Einigung des Koalitionsausschusses der Bundesregierung sagte der energiepolitische Sprecher der FDP\/DVP-Fraktion, Frank Bonath: \u201eDie gestern verk\u00fcndete Einigung des Koalitionsausschusses der Bundesregierung ist [&#8230;]<\/p>\n","protected":false},"author":1,"featured_media":0,"comment_status":"open","ping_status":"closed","sticky":false,"template":"","format":"standard","meta":{"footnotes":""},"categories":[207],"tags":[3247,1521,1518,3158,3248,3246,1027],"class_list":["post-10368","post","type-post","status-publish","format-standard","hentry","category-familie-wohnen","tag-energietraeger","tag-energieversorgung","tag-frank-bonath","tag-gasheizung","tag-oelheizung","tag-waermeversogung","tag-wohnungsbau"],"_links":{"self":[{"href":"https:\/\/fdp-aktiv.de\/blog\/wp-json\/wp\/v2\/posts\/10368","targetHints":{"allow":["GET"]}}],"collection":[{"href":"https:\/\/fdp-aktiv.de\/blog\/wp-json\/wp\/v2\/posts"}],"about":[{"href":"https:\/\/fdp-aktiv.de\/blog\/wp-json\/wp\/v2\/types\/post"}],"author":[{"embeddable":true,"href":"https:\/\/fdp-aktiv.de\/blog\/wp-json\/wp\/v2\/users\/1"}],"replies":[{"embeddable":true,"href":"https:\/\/fdp-aktiv.de\/blog\/wp-json\/wp\/v2\/comments?post=10368"}],"version-history":[{"count":1,"href":"https:\/\/fdp-aktiv.de\/blog\/wp-json\/wp\/v2\/posts\/10368\/revisions"}],"predecessor-version":[{"id":10370,"href":"https:\/\/fdp-aktiv.de\/blog\/wp-json\/wp\/v2\/posts\/10368\/revisions\/10370"}],"wp:attachment":[{"href":"https:\/\/fdp-aktiv.de\/blog\/wp-json\/wp\/v2\/media?parent=10368"}],"wp:term":[{"taxonomy":"category","embeddable":true,"href":"https:\/\/fdp-aktiv.de\/blog\/wp-json\/wp\/v2\/categories?post=10368"},{"taxonomy":"post_tag","embeddable":true,"href":"https:\/\/fdp-aktiv.de\/blog\/wp-json\/wp\/v2\/tags?post=10368"}],"curies":[{"name":"wp","href":"https:\/\/api.w.org\/{rel}","templated":true}]}}