{"id":10388,"date":"2023-03-30T14:27:22","date_gmt":"2023-03-30T12:27:22","guid":{"rendered":"https:\/\/fdp-aktiv.de\/blog\/?p=10388"},"modified":"2023-03-30T14:31:20","modified_gmt":"2023-03-30T12:31:20","slug":"tarifstreit-im-oeffentlichen-dienst-belastet-kommunen-schon-jetzt-fdp-sachsen-fordert-gewerkschaften-zur-maessigung","status":"publish","type":"post","link":"https:\/\/fdp-aktiv.de\/blog\/2023\/03\/30\/tarifstreit-im-oeffentlichen-dienst-belastet-kommunen-schon-jetzt-fdp-sachsen-fordert-gewerkschaften-zur-maessigung\/","title":{"rendered":"Tarifstreit im \u00f6ffentlichen Dienst belastet Kommunen schon jetzt \u2013 FDP Sachsen fordert Gewerkschaften zur M\u00e4\u00dfigung"},"content":{"rendered":"<p>(Dresden, 06.02.2023) Die FDP Sachsen spricht sich f\u00fcr eine moderate Steigerung der L\u00f6hne und Geh\u00e4lter im \u00f6ffentlichen Dienst aus. Die Blockadehaltung der\u00a0Gewerkschaften im Tarifstreit kritisiert sie daher scharf.<\/p>\n<figure id=\"attachment_9278\" aria-describedby=\"caption-attachment-9278\" style=\"width: 800px\" class=\"wp-caption aligncenter\"><a href=\"https:\/\/fdp-aktiv.de\/blog\/wp-content\/uploads\/2023\/01\/Anita_Maass.jpg\"><img loading=\"lazy\" decoding=\"async\" class=\"size-large wp-image-9278\" src=\"https:\/\/fdp-aktiv.de\/blog\/wp-content\/uploads\/2023\/01\/Anita_Maass-1024x683.jpg\" alt=\"Anita Maa\u00df\" width=\"800\" height=\"534\" srcset=\"https:\/\/fdp-aktiv.de\/blog\/wp-content\/uploads\/2023\/01\/Anita_Maass-1024x683.jpg 1024w, https:\/\/fdp-aktiv.de\/blog\/wp-content\/uploads\/2023\/01\/Anita_Maass-300x200.jpg 300w, https:\/\/fdp-aktiv.de\/blog\/wp-content\/uploads\/2023\/01\/Anita_Maass-768x512.jpg 768w, https:\/\/fdp-aktiv.de\/blog\/wp-content\/uploads\/2023\/01\/Anita_Maass-1536x1024.jpg 1536w, https:\/\/fdp-aktiv.de\/blog\/wp-content\/uploads\/2023\/01\/Anita_Maass-2048x1366.jpg 2048w\" sizes=\"auto, (max-width: 800px) 100vw, 800px\" \/><\/a><figcaption id=\"caption-attachment-9278\" class=\"wp-caption-text\">Dr. Anita Maa\u00df<\/figcaption><\/figure>\n<p>\u201eDie Arbeitgeber haben ein ordentliches Angebot mit deutlichen Nachbesserungen vorgelegt. Es ist unverst\u00e4ndlich und verantwortungslos, das nicht zu akzeptieren\u201c, sagt Dr. Anita Maa\u00df, Vorsitzende der FDP Sachsen. Schon jetzt haben die Kommunen als gro\u00dfer Arbeitgeber von Besch\u00e4ftigten im \u00f6ffentlichen Dienst mit einem Rekorddefizit in ihren Haushalten zu k\u00e4mpfen. Ein \u00fcberm\u00e4\u00dfig hoher Tarifabschluss wird dies noch verschlimmern. \u201eEin\u00a0solcher Tarifabschluss w\u00fcrde zudem zu Lasten der B\u00fcrgerinnen und B\u00fcrger gehen\u201c, sagt Dr. Maa\u00df. Denn das Geld, das die St\u00e4dte und Gemeinden ausgeben m\u00fcssten, um die gestiegenen L\u00f6hne und Geh\u00e4lter zu\u00a0bezahlen, w\u00fcrde an anderen wichtigen Stellen fehlen. So sind dann beispielsweise wichtige Investitionen nicht mehr m\u00f6glich. Zudem drohen die Kommunen in die Schuldenfalle zu tappen, was ihnen auf lange Sicht ein gutes St\u00fcck Handlungsfreiheit nimmt.<\/p>\n<p>\u201eDarum ist es wichtig, einen moderaten Tarifabschluss zu erzielen\u201c, sagt die s\u00e4chsische FDP-Vorsitzende. Sie ruft die Arbeitnehmervertreter auf, an den Verhandlungstisch zur\u00fcckzukehren und im Sinne der Sozialpartnerschaft an einem solchen mitzuwirken, statt schon wieder neue Streiks zu planen. Zudem ist die aktuelle Situation f\u00fcr die kommunalen Arbeitgeber belastend, da ihnen Planungssicherheit fehlt.<\/p>\n","protected":false},"excerpt":{"rendered":"<p>(Dresden, 06.02.2023) Die FDP Sachsen spricht sich f\u00fcr eine moderate Steigerung der L\u00f6hne und Geh\u00e4lter im \u00f6ffentlichen Dienst aus. Die Blockadehaltung der\u00a0Gewerkschaften im Tarifstreit kritisiert sie daher scharf. \u201eDie Arbeitgeber [&#8230;]<\/p>\n","protected":false},"author":1,"featured_media":0,"comment_status":"open","ping_status":"closed","sticky":false,"template":"","format":"standard","meta":{"footnotes":""},"categories":[55],"tags":[3098,1664,878,3171],"class_list":["post-10388","post","type-post","status-publish","format-standard","hentry","category-finanzen","tag-dr-anita-maass","tag-fdp-sachsen","tag-kommunen","tag-tarifstreit"],"_links":{"self":[{"href":"https:\/\/fdp-aktiv.de\/blog\/wp-json\/wp\/v2\/posts\/10388","targetHints":{"allow":["GET"]}}],"collection":[{"href":"https:\/\/fdp-aktiv.de\/blog\/wp-json\/wp\/v2\/posts"}],"about":[{"href":"https:\/\/fdp-aktiv.de\/blog\/wp-json\/wp\/v2\/types\/post"}],"author":[{"embeddable":true,"href":"https:\/\/fdp-aktiv.de\/blog\/wp-json\/wp\/v2\/users\/1"}],"replies":[{"embeddable":true,"href":"https:\/\/fdp-aktiv.de\/blog\/wp-json\/wp\/v2\/comments?post=10388"}],"version-history":[{"count":1,"href":"https:\/\/fdp-aktiv.de\/blog\/wp-json\/wp\/v2\/posts\/10388\/revisions"}],"predecessor-version":[{"id":10389,"href":"https:\/\/fdp-aktiv.de\/blog\/wp-json\/wp\/v2\/posts\/10388\/revisions\/10389"}],"wp:attachment":[{"href":"https:\/\/fdp-aktiv.de\/blog\/wp-json\/wp\/v2\/media?parent=10388"}],"wp:term":[{"taxonomy":"category","embeddable":true,"href":"https:\/\/fdp-aktiv.de\/blog\/wp-json\/wp\/v2\/categories?post=10388"},{"taxonomy":"post_tag","embeddable":true,"href":"https:\/\/fdp-aktiv.de\/blog\/wp-json\/wp\/v2\/tags?post=10388"}],"curies":[{"name":"wp","href":"https:\/\/api.w.org\/{rel}","templated":true}]}}