{"id":10442,"date":"2023-04-01T09:49:33","date_gmt":"2023-04-01T07:49:33","guid":{"rendered":"https:\/\/fdp-aktiv.de\/blog\/?p=10442"},"modified":"2023-04-01T09:49:33","modified_gmt":"2023-04-01T07:49:33","slug":"baden-wuerttemberg-ruelke-in-der-migrationspolitik-muss-sich-mehr-tun","status":"publish","type":"post","link":"https:\/\/fdp-aktiv.de\/blog\/2023\/04\/01\/baden-wuerttemberg-ruelke-in-der-migrationspolitik-muss-sich-mehr-tun\/","title":{"rendered":"Baden-W\u00fcrttemberg &#8211; R\u00fclke: In der Migrationspolitik muss sich mehr tun"},"content":{"rendered":"<p>Entlastung unserer Kommunen ist dringend notwendig.<\/p>\n<p>Zu aktuellen Medienberichten, wonach die FDP im Bund auf eine Versch\u00e4rfung des Asylrechts und eine Eind\u00e4mmung hoher Fl\u00fcchtlingszahlen dr\u00e4ngt, \u00e4u\u00dfert sich <strong>Dr. Hans-Ulrich R\u00fclke<\/strong>, Vorsitzender der FDP\/DVP-Fraktion, wie folgt:<\/p>\n<figure id=\"attachment_4320\" aria-describedby=\"caption-attachment-4320\" style=\"width: 800px\" class=\"wp-caption aligncenter\"><a href=\"https:\/\/fdp-aktiv.de\/blog\/wp-content\/uploads\/2022\/02\/190226_fdp_ruelke_1905_final-e1582883132901.jpg\"><img loading=\"lazy\" decoding=\"async\" class=\"size-large wp-image-4320\" src=\"https:\/\/fdp-aktiv.de\/blog\/wp-content\/uploads\/2022\/02\/190226_fdp_ruelke_1905_final-e1582883132901-1024x1024.jpg\" alt=\"\" width=\"800\" height=\"800\" srcset=\"https:\/\/fdp-aktiv.de\/blog\/wp-content\/uploads\/2022\/02\/190226_fdp_ruelke_1905_final-e1582883132901-1024x1024.jpg 1024w, https:\/\/fdp-aktiv.de\/blog\/wp-content\/uploads\/2022\/02\/190226_fdp_ruelke_1905_final-e1582883132901-300x300.jpg 300w, https:\/\/fdp-aktiv.de\/blog\/wp-content\/uploads\/2022\/02\/190226_fdp_ruelke_1905_final-e1582883132901-150x150.jpg 150w, https:\/\/fdp-aktiv.de\/blog\/wp-content\/uploads\/2022\/02\/190226_fdp_ruelke_1905_final-e1582883132901-768x768.jpg 768w, https:\/\/fdp-aktiv.de\/blog\/wp-content\/uploads\/2022\/02\/190226_fdp_ruelke_1905_final-e1582883132901-400x400.jpg 400w, https:\/\/fdp-aktiv.de\/blog\/wp-content\/uploads\/2022\/02\/190226_fdp_ruelke_1905_final-e1582883132901.jpg 1105w\" sizes=\"auto, (max-width: 800px) 100vw, 800px\" \/><\/a><figcaption id=\"caption-attachment-4320\" class=\"wp-caption-text\">Dr. Hans-Ulrich R\u00fclke<\/figcaption><\/figure>\n<p>\u201eUnsere Kommunen m\u00fcssen bei der Unterbringung der Gefl\u00fcchteten ans Limit gehen, wenn nicht sogar dar\u00fcber hinaus. Eine Entlastung ist hier dringend geboten. So muss beispielsweise der Rechtskreiswechsel angesichts seiner begrenzten Wirkung kritisch hinterfragt werden.<\/p>\n<p>&nbsp;<\/p>\n<p>Wir brauchen zweifelsohne eine Einwanderung in unseren Arbeitsmarkt, jedoch gerade nicht in die sozialen Sicherungssysteme. Wer Straftaten begeht oder anderweitig gegen die Gesellschaft arbeitet, muss unser Land wieder verlassen. Daf\u00fcr muss das bestehende System effizienter werden, denn beispielsweise in Baden-W\u00fcrttemberg gelangen 2022 nur knapp 35 % der Abschiebeversuche.\u201c<\/p>\n","protected":false},"excerpt":{"rendered":"<p>Entlastung unserer Kommunen ist dringend notwendig. Zu aktuellen Medienberichten, wonach die FDP im Bund auf eine Versch\u00e4rfung des Asylrechts und eine Eind\u00e4mmung hoher Fl\u00fcchtlingszahlen dr\u00e4ngt, \u00e4u\u00dfert sich Dr. Hans-Ulrich R\u00fclke, [&#8230;]<\/p>\n","protected":false},"author":1,"featured_media":0,"comment_status":"open","ping_status":"closed","sticky":false,"template":"","format":"standard","meta":{"footnotes":""},"categories":[5],"tags":[842,650,693],"class_list":["post-10442","post","type-post","status-publish","format-standard","hentry","category-aussenpolitik","tag-dr-hans-ulrich-ruelke","tag-fdp-dvp","tag-migration"],"_links":{"self":[{"href":"https:\/\/fdp-aktiv.de\/blog\/wp-json\/wp\/v2\/posts\/10442","targetHints":{"allow":["GET"]}}],"collection":[{"href":"https:\/\/fdp-aktiv.de\/blog\/wp-json\/wp\/v2\/posts"}],"about":[{"href":"https:\/\/fdp-aktiv.de\/blog\/wp-json\/wp\/v2\/types\/post"}],"author":[{"embeddable":true,"href":"https:\/\/fdp-aktiv.de\/blog\/wp-json\/wp\/v2\/users\/1"}],"replies":[{"embeddable":true,"href":"https:\/\/fdp-aktiv.de\/blog\/wp-json\/wp\/v2\/comments?post=10442"}],"version-history":[{"count":1,"href":"https:\/\/fdp-aktiv.de\/blog\/wp-json\/wp\/v2\/posts\/10442\/revisions"}],"predecessor-version":[{"id":10444,"href":"https:\/\/fdp-aktiv.de\/blog\/wp-json\/wp\/v2\/posts\/10442\/revisions\/10444"}],"wp:attachment":[{"href":"https:\/\/fdp-aktiv.de\/blog\/wp-json\/wp\/v2\/media?parent=10442"}],"wp:term":[{"taxonomy":"category","embeddable":true,"href":"https:\/\/fdp-aktiv.de\/blog\/wp-json\/wp\/v2\/categories?post=10442"},{"taxonomy":"post_tag","embeddable":true,"href":"https:\/\/fdp-aktiv.de\/blog\/wp-json\/wp\/v2\/tags?post=10442"}],"curies":[{"name":"wp","href":"https:\/\/api.w.org\/{rel}","templated":true}]}}