{"id":10483,"date":"2023-04-05T21:00:59","date_gmt":"2023-04-05T19:00:59","guid":{"rendered":"https:\/\/fdp-aktiv.de\/blog\/?p=10483"},"modified":"2023-04-05T21:01:50","modified_gmt":"2023-04-05T19:01:50","slug":"saarland-julis-tanz-doch-wann-du-willst-tanzverbot-an-karfreitag-abschaffen","status":"publish","type":"post","link":"https:\/\/fdp-aktiv.de\/blog\/2023\/04\/05\/saarland-julis-tanz-doch-wann-du-willst-tanzverbot-an-karfreitag-abschaffen\/","title":{"rendered":"Saarland -Julis: Tanz doch wann du willst \u2013 Tanzverbot an Karfreitag abschaffen"},"content":{"rendered":"<p>An so genannten stillen Feiertagen, wie dem kommenden Karfreitag, ist das Abhalten \u00f6ffentlicher Tanzveranstaltungen im Saarland untersagt. Die Jungen Liberalen Saar sprechen sich klar gegen dieses Verbot aus.<\/p>\n<p>&nbsp;<\/p>\n<p>Dazu die Landesvorsitzende der Jungen Liberalen (JuLis) Saar, Verena Blacha:<\/p>\n<figure id=\"attachment_9725\" aria-describedby=\"caption-attachment-9725\" style=\"width: 683px\" class=\"wp-caption aligncenter\"><a href=\"https:\/\/fdp-aktiv.de\/blog\/wp-content\/uploads\/2023\/02\/Verena-Blacha.jpg\"><img loading=\"lazy\" decoding=\"async\" class=\"size-large wp-image-9725\" src=\"https:\/\/fdp-aktiv.de\/blog\/wp-content\/uploads\/2023\/02\/Verena-Blacha-683x1024.jpg\" alt=\"Verena Blacha\" width=\"683\" height=\"1024\" srcset=\"https:\/\/fdp-aktiv.de\/blog\/wp-content\/uploads\/2023\/02\/Verena-Blacha-683x1024.jpg 683w, https:\/\/fdp-aktiv.de\/blog\/wp-content\/uploads\/2023\/02\/Verena-Blacha-200x300.jpg 200w, https:\/\/fdp-aktiv.de\/blog\/wp-content\/uploads\/2023\/02\/Verena-Blacha-768x1151.jpg 768w, https:\/\/fdp-aktiv.de\/blog\/wp-content\/uploads\/2023\/02\/Verena-Blacha-1025x1536.jpg 1025w, https:\/\/fdp-aktiv.de\/blog\/wp-content\/uploads\/2023\/02\/Verena-Blacha.jpg 1366w\" sizes=\"auto, (max-width: 683px) 100vw, 683px\" \/><\/a><figcaption id=\"caption-attachment-9725\" class=\"wp-caption-text\">Verena Blacha<\/figcaption><\/figure>\n<p>\u201eDas Tanzverbot an stillen Feiertagen im Saarland geht klar an der Lebenswirklichkeit der meisten Menschen im Saarland vorbei. Wir Junge Liberale fordern daher eine zeitgem\u00e4\u00dfe Anpassung des saarl\u00e4ndischen Feiertagsgesetzes. Konkret fordern wir die Abschaffung des Tanzverbotes, denn der Staat sollte nicht einschr\u00e4nken, wie die Saarl\u00e4nder ihren Tag verbringen k\u00f6nnen. Es sollte jeder selbst entscheiden k\u00f6nnen, ob und wann er feiert.<\/p>\n<p>Gl\u00e4ubige k\u00f6nnen ihrer Suche nach Ruhe und Einkehr am Karfreitag, selbst wenn Tanzveranstaltungen stattfinden, weiter nachkommen. Wer Respekt f\u00fcr bestehende religi\u00f6se Traditionen fordert, muss ebenso respektieren, dass sich nicht jeder diesen Traditionen verpflichtet f\u00fchlt.<\/p>\n<p>Die Jusos stellen zw\u00f6lf von 29 SPD-Abgeordneten im saarl\u00e4ndischen Landtag und haben damit die M\u00f6glichkeit starken Einfluss auf die Arbeit der SPD-Alleinregierung zu nehmen. Sie haben die M\u00f6glichkeit ihr Wahlprogramm umzusetzen.\u201c<\/p>\n","protected":false},"excerpt":{"rendered":"<p>An so genannten stillen Feiertagen, wie dem kommenden Karfreitag, ist das Abhalten \u00f6ffentlicher Tanzveranstaltungen im Saarland untersagt. Die Jungen Liberalen Saar sprechen sich klar gegen dieses Verbot aus. &nbsp; Dazu [&#8230;]<\/p>\n","protected":false},"author":1,"featured_media":0,"comment_status":"open","ping_status":"closed","sticky":false,"template":"","format":"standard","meta":{"footnotes":""},"categories":[546],"tags":[2484,708,3277,3269,3276],"class_list":["post-10483","post","type-post","status-publish","format-standard","hentry","category-kultur-kunst","tag-fdp-julis","tag-fdp-saar","tag-karfreitag","tag-tanzverbot","tag-verena-blacha"],"_links":{"self":[{"href":"https:\/\/fdp-aktiv.de\/blog\/wp-json\/wp\/v2\/posts\/10483","targetHints":{"allow":["GET"]}}],"collection":[{"href":"https:\/\/fdp-aktiv.de\/blog\/wp-json\/wp\/v2\/posts"}],"about":[{"href":"https:\/\/fdp-aktiv.de\/blog\/wp-json\/wp\/v2\/types\/post"}],"author":[{"embeddable":true,"href":"https:\/\/fdp-aktiv.de\/blog\/wp-json\/wp\/v2\/users\/1"}],"replies":[{"embeddable":true,"href":"https:\/\/fdp-aktiv.de\/blog\/wp-json\/wp\/v2\/comments?post=10483"}],"version-history":[{"count":2,"href":"https:\/\/fdp-aktiv.de\/blog\/wp-json\/wp\/v2\/posts\/10483\/revisions"}],"predecessor-version":[{"id":10485,"href":"https:\/\/fdp-aktiv.de\/blog\/wp-json\/wp\/v2\/posts\/10483\/revisions\/10485"}],"wp:attachment":[{"href":"https:\/\/fdp-aktiv.de\/blog\/wp-json\/wp\/v2\/media?parent=10483"}],"wp:term":[{"taxonomy":"category","embeddable":true,"href":"https:\/\/fdp-aktiv.de\/blog\/wp-json\/wp\/v2\/categories?post=10483"},{"taxonomy":"post_tag","embeddable":true,"href":"https:\/\/fdp-aktiv.de\/blog\/wp-json\/wp\/v2\/tags?post=10483"}],"curies":[{"name":"wp","href":"https:\/\/api.w.org\/{rel}","templated":true}]}}