{"id":10545,"date":"2023-04-13T07:10:58","date_gmt":"2023-04-13T05:10:58","guid":{"rendered":"https:\/\/fdp-aktiv.de\/blog\/?p=10545"},"modified":"2023-04-13T07:10:58","modified_gmt":"2023-04-13T05:10:58","slug":"baden-wuerttemberg-weinmann-entkriminalisierung-entlastet-nicht-die-justiz-sondern-sendet-ein-falsches-signal","status":"publish","type":"post","link":"https:\/\/fdp-aktiv.de\/blog\/2023\/04\/13\/baden-wuerttemberg-weinmann-entkriminalisierung-entlastet-nicht-die-justiz-sondern-sendet-ein-falsches-signal\/","title":{"rendered":"Baden-W\u00fcrttemberg &#8211; Weinmann: Entkriminalisierung entlastet nicht die Justiz, sondern sendet ein falsches Signal"},"content":{"rendered":"<p style=\"font-weight: 400;\"><strong>Weinmann: Entkriminalisierung entlastet nicht die Justiz, sondern sendet ein falsches Signal<\/strong><\/p>\n<p style=\"font-weight: 400;\"><strong>\u00a0<\/strong><\/p>\n<p style=\"font-weight: 400;\"><strong>Jung: Schwarzfahren darf nicht noch belohnt werden<\/strong><\/p>\n<p style=\"font-weight: 400;\"><strong>\u00a0<\/strong><\/p>\n<p>Vorschlag des Verkehrsministers st\u00f6\u00dft auf Unverst\u00e4ndnis<\/p>\n<figure id=\"attachment_3950\" aria-describedby=\"caption-attachment-3950\" style=\"width: 800px\" class=\"wp-caption aligncenter\"><a href=\"https:\/\/fdp-aktiv.de\/blog\/wp-content\/uploads\/2022\/01\/web-190226_fdp_nico_weinmann_4945_final_02.jpg\"><img loading=\"lazy\" decoding=\"async\" class=\"size-large wp-image-3950\" src=\"https:\/\/fdp-aktiv.de\/blog\/wp-content\/uploads\/2022\/01\/web-190226_fdp_nico_weinmann_4945_final_02-1024x683.jpg\" alt=\"\" width=\"800\" height=\"534\" srcset=\"https:\/\/fdp-aktiv.de\/blog\/wp-content\/uploads\/2022\/01\/web-190226_fdp_nico_weinmann_4945_final_02-1024x683.jpg 1024w, https:\/\/fdp-aktiv.de\/blog\/wp-content\/uploads\/2022\/01\/web-190226_fdp_nico_weinmann_4945_final_02-300x200.jpg 300w, https:\/\/fdp-aktiv.de\/blog\/wp-content\/uploads\/2022\/01\/web-190226_fdp_nico_weinmann_4945_final_02-768x512.jpg 768w, https:\/\/fdp-aktiv.de\/blog\/wp-content\/uploads\/2022\/01\/web-190226_fdp_nico_weinmann_4945_final_02-1536x1024.jpg 1536w, https:\/\/fdp-aktiv.de\/blog\/wp-content\/uploads\/2022\/01\/web-190226_fdp_nico_weinmann_4945_final_02.jpg 1920w\" sizes=\"auto, (max-width: 800px) 100vw, 800px\" \/><\/a><figcaption id=\"caption-attachment-3950\" class=\"wp-caption-text\">Nico Weinmann<\/figcaption><\/figure>\n<p style=\"font-weight: 400;\">Zu Medienberichten, wonach Verkehrsminister Hermann Schwarzfahren entkriminalisieren will, \u00e4u\u00dfert sich\u00a0<strong>Nico Weinmann,\u00a0<\/strong>stellvertretender Fraktionsvorsitzender und<strong>\u00a0<\/strong>rechtspolitischer<strong>\u00a0<\/strong>Sprecher der FDP\/DVP-Fraktion, wie folgt:<\/p>\n<p style=\"font-weight: 400;\">\u201eSchwarzfahren stellt ein unsolidarisches Verhalten zulasten der Gesellschaft dar. Haftstrafen f\u00fcrs Schwarzfahren sind die absolute Ausnahme und betreffen nur notorische Schwarzfahrer. Eine besondere Milde ihnen gegen\u00fcber ist unangebracht.<\/p>\n<p style=\"font-weight: 400;\">Die Mehrzahl der Schwarzfahrer muss nicht wegen einer verh\u00e4ngten Haftstrafe ins Gef\u00e4ngnis, sondern weil sie die gegen sie verh\u00e4ngten Geldstrafen nicht bezahlen. Dies w\u00fcrde sich auch durch die Entkriminalisierung nicht \u00e4ndern, da auch ausstehende Bu\u00dfgelder mit einer Erzwingungshaft durchgesetzt werden m\u00fcssten. Die geplante Entlastung der Justiz wird so ganz bestimmt nicht erreicht.\u201c<\/p>\n<figure id=\"attachment_1590\" aria-describedby=\"caption-attachment-1590\" style=\"width: 800px\" class=\"wp-caption aligncenter\"><a href=\"https:\/\/fdp-aktiv.de\/blog\/wp-content\/uploads\/2021\/06\/Dr.-Christian-Jung.jpg\"><img loading=\"lazy\" decoding=\"async\" class=\"size-large wp-image-1590\" src=\"https:\/\/fdp-aktiv.de\/blog\/wp-content\/uploads\/2021\/06\/Dr.-Christian-Jung-1024x597.jpg\" alt=\"Dr. Christian Jung\" width=\"800\" height=\"466\" srcset=\"https:\/\/fdp-aktiv.de\/blog\/wp-content\/uploads\/2021\/06\/Dr.-Christian-Jung-1024x597.jpg 1024w, https:\/\/fdp-aktiv.de\/blog\/wp-content\/uploads\/2021\/06\/Dr.-Christian-Jung-300x175.jpg 300w, https:\/\/fdp-aktiv.de\/blog\/wp-content\/uploads\/2021\/06\/Dr.-Christian-Jung-768x448.jpg 768w, https:\/\/fdp-aktiv.de\/blog\/wp-content\/uploads\/2021\/06\/Dr.-Christian-Jung.jpg 1200w\" sizes=\"auto, (max-width: 800px) 100vw, 800px\" \/><\/a><figcaption id=\"caption-attachment-1590\" class=\"wp-caption-text\">Dr. Christian Jung<\/figcaption><\/figure>\n<p style=\"font-weight: 400;\">Hierzu erg\u00e4nzt\u00a0<strong>Dr. Christian Jung,\u00a0<\/strong>verkehrspolitischer Sprecher:<\/p>\n<p style=\"font-weight: 400;\">\u201eBeim Schwarzfahren handelt es sich in der absolut \u00fcberwiegenden Zahl der F\u00e4lle um eine bewusste Entscheidung. Wenn das Verhalten von Schwarzfahrern belohnt w\u00fcrde, indem man dieses straflos stellt, w\u00e4re das ein Schlag ins Gesicht der ganz gro\u00dfen Zahl der Menschen, die f\u00fcr ihr \u00d6PNV-Ticket bezahlen: Eindeutig das falsche Signal. Die Zahl der Schwarzfahrten senken wird diese Ma\u00dfnahme sicherlich auch nicht, was noch mehr Aufwand f\u00fcr unsere Beh\u00f6rden und \u00c4mter bedeuten w\u00fcrde.\u201c<\/p>\n","protected":false},"excerpt":{"rendered":"<p>Weinmann: Entkriminalisierung entlastet nicht die Justiz, sondern sendet ein falsches Signal \u00a0 Jung: Schwarzfahren darf nicht noch belohnt werden \u00a0 Vorschlag des Verkehrsministers st\u00f6\u00dft auf Unverst\u00e4ndnis Zu Medienberichten, wonach Verkehrsminister [&#8230;]<\/p>\n","protected":false},"author":1,"featured_media":0,"comment_status":"open","ping_status":"closed","sticky":false,"template":"","format":"standard","meta":{"footnotes":""},"categories":[536],"tags":[874,3284,650,633],"class_list":["post-10545","post","type-post","status-publish","format-standard","hentry","category-sicherheit","tag-dr-christian-jung","tag-entkriminalisierung","tag-fdp-dvp","tag-nico-weinmann"],"_links":{"self":[{"href":"https:\/\/fdp-aktiv.de\/blog\/wp-json\/wp\/v2\/posts\/10545","targetHints":{"allow":["GET"]}}],"collection":[{"href":"https:\/\/fdp-aktiv.de\/blog\/wp-json\/wp\/v2\/posts"}],"about":[{"href":"https:\/\/fdp-aktiv.de\/blog\/wp-json\/wp\/v2\/types\/post"}],"author":[{"embeddable":true,"href":"https:\/\/fdp-aktiv.de\/blog\/wp-json\/wp\/v2\/users\/1"}],"replies":[{"embeddable":true,"href":"https:\/\/fdp-aktiv.de\/blog\/wp-json\/wp\/v2\/comments?post=10545"}],"version-history":[{"count":2,"href":"https:\/\/fdp-aktiv.de\/blog\/wp-json\/wp\/v2\/posts\/10545\/revisions"}],"predecessor-version":[{"id":10547,"href":"https:\/\/fdp-aktiv.de\/blog\/wp-json\/wp\/v2\/posts\/10545\/revisions\/10547"}],"wp:attachment":[{"href":"https:\/\/fdp-aktiv.de\/blog\/wp-json\/wp\/v2\/media?parent=10545"}],"wp:term":[{"taxonomy":"category","embeddable":true,"href":"https:\/\/fdp-aktiv.de\/blog\/wp-json\/wp\/v2\/categories?post=10545"},{"taxonomy":"post_tag","embeddable":true,"href":"https:\/\/fdp-aktiv.de\/blog\/wp-json\/wp\/v2\/tags?post=10545"}],"curies":[{"name":"wp","href":"https:\/\/api.w.org\/{rel}","templated":true}]}}