{"id":10558,"date":"2023-04-14T08:56:06","date_gmt":"2023-04-14T06:56:06","guid":{"rendered":"https:\/\/fdp-aktiv.de\/blog\/?p=10558"},"modified":"2023-04-14T08:56:06","modified_gmt":"2023-04-14T06:56:06","slug":"bundestag-helling-plahr-funke-kaiser-recht-auch-im-digitalen-raum-umsetzen","status":"publish","type":"post","link":"https:\/\/fdp-aktiv.de\/blog\/2023\/04\/14\/bundestag-helling-plahr-funke-kaiser-recht-auch-im-digitalen-raum-umsetzen\/","title":{"rendered":"Bundestag &#8211; HELLING-PLAHR\/FUNKE-KAISER: Recht auch im digitalen Raum umsetzen"},"content":{"rendered":"<p>Zum Gesetz gegen digitale Gewalt erkl\u00e4rt die rechtspolitische Sprecherin der FDP-Fraktion Katrin Helling-Plahr:<\/p>\n<figure id=\"attachment_5536\" aria-describedby=\"caption-attachment-5536\" style=\"width: 800px\" class=\"wp-caption aligncenter\"><a href=\"https:\/\/fdp-aktiv.de\/blog\/wp-content\/uploads\/2022\/05\/Katrin_Helling-Plahr_in_2018.jpg\"><img loading=\"lazy\" decoding=\"async\" class=\"size-large wp-image-5536\" src=\"https:\/\/fdp-aktiv.de\/blog\/wp-content\/uploads\/2022\/05\/Katrin_Helling-Plahr_in_2018-1024x576.jpg\" alt=\"Kathrin Helling-Plahr\" width=\"800\" height=\"450\" srcset=\"https:\/\/fdp-aktiv.de\/blog\/wp-content\/uploads\/2022\/05\/Katrin_Helling-Plahr_in_2018-1024x576.jpg 1024w, https:\/\/fdp-aktiv.de\/blog\/wp-content\/uploads\/2022\/05\/Katrin_Helling-Plahr_in_2018-300x169.jpg 300w, https:\/\/fdp-aktiv.de\/blog\/wp-content\/uploads\/2022\/05\/Katrin_Helling-Plahr_in_2018-768x432.jpg 768w, https:\/\/fdp-aktiv.de\/blog\/wp-content\/uploads\/2022\/05\/Katrin_Helling-Plahr_in_2018.jpg 1280w\" sizes=\"auto, (max-width: 800px) 100vw, 800px\" \/><\/a><figcaption id=\"caption-attachment-5536\" class=\"wp-caption-text\">Kathrin Helling-Plahr<\/figcaption><\/figure>\n<p>\u201eOpfer digitaler Gewalt brauchen das passende rechtliche Instrumentarium, um sich zur Wehr zu setzen. Das Gesetz gegen digitale Gewalt ist eine deutliche Verbesserung. Betroffene erhalten dadurch einfacher Auskunft \u00fcber die Identit\u00e4t von Verfassern rechtswidriger Inhalte. Zudem k\u00f6nnen sie einen Anspruch auf richterliche Anordnung einer Accountsperre bekommen, sofern dies verh\u00e4ltnism\u00e4\u00dfig ist. Das vor\u00fcbergehende Sperren der Social-Media-Accounts von Menschen, die wiederholt schwerwiegende Pers\u00f6nlichkeitsverletzungen begehen, ist ein m\u00e4chtiges und gleichzeitig ausgewogenes Werkzeug, um gegen digitale Gewalt vorzugehen. Der Bundesjustizminister Dr. Buschmann hat deutlich gemacht, dass die Bundesregierung bereit ist, entschieden gegen Gewalt im digitalen Raum vorzugehen.\u201c<\/p>\n<p>Der digitalpolitische Sprecher der FDP-Fraktion Maximilian Funke-Kaiser erkl\u00e4rt dazu:<\/p>\n<p>&nbsp;<\/p>\n<figure id=\"attachment_5741\" aria-describedby=\"caption-attachment-5741\" style=\"width: 750px\" class=\"wp-caption aligncenter\"><a href=\"https:\/\/fdp-aktiv.de\/blog\/wp-content\/uploads\/2022\/06\/MFK-Website_0.jpg\"><img loading=\"lazy\" decoding=\"async\" class=\"size-full wp-image-5741\" src=\"https:\/\/fdp-aktiv.de\/blog\/wp-content\/uploads\/2022\/06\/MFK-Website_0.jpg\" alt=\"\" width=\"750\" height=\"420\" srcset=\"https:\/\/fdp-aktiv.de\/blog\/wp-content\/uploads\/2022\/06\/MFK-Website_0.jpg 750w, https:\/\/fdp-aktiv.de\/blog\/wp-content\/uploads\/2022\/06\/MFK-Website_0-300x168.jpg 300w\" sizes=\"auto, (max-width: 750px) 100vw, 750px\" \/><\/a><figcaption id=\"caption-attachment-5741\" class=\"wp-caption-text\">Maximilian Funke-Kaiser<\/figcaption><\/figure>\n<p>\u201eDas Vertrauen der Menschen in unseren Rechtsstaat steht und f\u00e4llt mit seiner Durchsetzungsf\u00e4higkeit \u2013 sei es auf der Stra\u00dfe oder im digitalen Raum. Gewaltaufrufe, Beleidigungen und Morddrohungen sind nicht von der Meinungsfreiheit gedeckt und m\u00fcssen deshalb auch im Internet geahndet werden. Die St\u00e4rkung des Auskunftsverfahren ist auch ein Beitrag zum Datenschutz, weil dadurch Eingriffe in die Privatsph\u00e4re durch eine massenhafte Vorratsdatenspeicherung vermieden werden. Ich begr\u00fc\u00dfe ausdr\u00fccklich die Einf\u00fchrung von richterlich angeordneten Accountsperren, denn dadurch finden Einschr\u00e4nkungen Einzelner auf Basis klarer rechtlicher Grundlagen statt.\u201c<\/p>\n","protected":false},"excerpt":{"rendered":"<p>Zum Gesetz gegen digitale Gewalt erkl\u00e4rt die rechtspolitische Sprecherin der FDP-Fraktion Katrin Helling-Plahr: \u201eOpfer digitaler Gewalt brauchen das passende rechtliche Instrumentarium, um sich zur Wehr zu setzen. Das Gesetz gegen [&#8230;]<\/p>\n","protected":false},"author":1,"featured_media":0,"comment_status":"open","ping_status":"closed","sticky":false,"template":"","format":"standard","meta":{"footnotes":""},"categories":[68,536],"tags":[2688,336,1962],"class_list":["post-10558","post","type-post","status-publish","format-standard","hentry","category-digital","category-sicherheit","tag-fdp-bundestag","tag-katrin-helling-plahr","tag-maximilian-funke-kaiser"],"_links":{"self":[{"href":"https:\/\/fdp-aktiv.de\/blog\/wp-json\/wp\/v2\/posts\/10558","targetHints":{"allow":["GET"]}}],"collection":[{"href":"https:\/\/fdp-aktiv.de\/blog\/wp-json\/wp\/v2\/posts"}],"about":[{"href":"https:\/\/fdp-aktiv.de\/blog\/wp-json\/wp\/v2\/types\/post"}],"author":[{"embeddable":true,"href":"https:\/\/fdp-aktiv.de\/blog\/wp-json\/wp\/v2\/users\/1"}],"replies":[{"embeddable":true,"href":"https:\/\/fdp-aktiv.de\/blog\/wp-json\/wp\/v2\/comments?post=10558"}],"version-history":[{"count":1,"href":"https:\/\/fdp-aktiv.de\/blog\/wp-json\/wp\/v2\/posts\/10558\/revisions"}],"predecessor-version":[{"id":10559,"href":"https:\/\/fdp-aktiv.de\/blog\/wp-json\/wp\/v2\/posts\/10558\/revisions\/10559"}],"wp:attachment":[{"href":"https:\/\/fdp-aktiv.de\/blog\/wp-json\/wp\/v2\/media?parent=10558"}],"wp:term":[{"taxonomy":"category","embeddable":true,"href":"https:\/\/fdp-aktiv.de\/blog\/wp-json\/wp\/v2\/categories?post=10558"},{"taxonomy":"post_tag","embeddable":true,"href":"https:\/\/fdp-aktiv.de\/blog\/wp-json\/wp\/v2\/tags?post=10558"}],"curies":[{"name":"wp","href":"https:\/\/api.w.org\/{rel}","templated":true}]}}