{"id":10560,"date":"2023-04-14T09:07:52","date_gmt":"2023-04-14T07:07:52","guid":{"rendered":"https:\/\/fdp-aktiv.de\/blog\/?p=10560"},"modified":"2023-04-14T09:07:52","modified_gmt":"2023-04-14T07:07:52","slug":"berlin-lindemann-zu-attacken-der-gruppe-extinction-rebellion","status":"publish","type":"post","link":"https:\/\/fdp-aktiv.de\/blog\/2023\/04\/14\/berlin-lindemann-zu-attacken-der-gruppe-extinction-rebellion\/","title":{"rendered":"Berlin &#8211; LINDEMANN &#8211; zu Attacken der Gruppe Extinction Rebellion"},"content":{"rendered":"<p style=\"font-weight: 400;\">Lars F. Lindemann MdB, Generalsekret\u00e4r der FDP Berlin, zu den von der Gruppe Extinction Rebellion angek\u00fcndigten Attacken auf Firmensitze und Parteizentralen in Berlin:<\/p>\n<figure id=\"attachment_10345\" aria-describedby=\"caption-attachment-10345\" style=\"width: 800px\" class=\"wp-caption aligncenter\"><a href=\"https:\/\/fdp-aktiv.de\/blog\/wp-content\/uploads\/2023\/03\/LL_05237-min-scaled.jpg\"><img loading=\"lazy\" decoding=\"async\" class=\"size-large wp-image-10345\" src=\"https:\/\/fdp-aktiv.de\/blog\/wp-content\/uploads\/2023\/03\/LL_05237-min-1024x683.jpg\" alt=\"Lars Lindemann\" width=\"800\" height=\"534\" srcset=\"https:\/\/fdp-aktiv.de\/blog\/wp-content\/uploads\/2023\/03\/LL_05237-min-1024x683.jpg 1024w, https:\/\/fdp-aktiv.de\/blog\/wp-content\/uploads\/2023\/03\/LL_05237-min-300x200.jpg 300w, https:\/\/fdp-aktiv.de\/blog\/wp-content\/uploads\/2023\/03\/LL_05237-min-768x512.jpg 768w, https:\/\/fdp-aktiv.de\/blog\/wp-content\/uploads\/2023\/03\/LL_05237-min-1536x1025.jpg 1536w, https:\/\/fdp-aktiv.de\/blog\/wp-content\/uploads\/2023\/03\/LL_05237-min-2048x1366.jpg 2048w\" sizes=\"auto, (max-width: 800px) 100vw, 800px\" \/><\/a><figcaption id=\"caption-attachment-10345\" class=\"wp-caption-text\">Lars Lindemann<\/figcaption><\/figure>\n<p style=\"font-weight: 400;\"><em>\u201eSeit \u00fcber einem Jahr terrorisieren Kriminelle die Berlinerinnen und Berliner \u2013 auf der Stra\u00dfe, im Museum oder wollen nun &#8211; wie von der Extinction Rebellion angek\u00fcndigt &#8211; Attacken gegen Firmensitze und Parteizentralen starten. Wie lange m\u00f6chte der Berliner Senat hier noch zusehen? Es kann nicht sein, dass die Berlinerinnen und Berliner dieser kriminellen Gruppe jeden Tag schutzlos ausgesetzt sind. Dabei ist der rechtliche Rahmen, wie mit diesen Kriminellen umzugehen ist, l\u00e4ngst geschaffen und muss ausgesch\u00f6pft werden.\u00a0<strong>Wir brauchen unverz\u00fcglich eine zentrale Plattform bei der Innenverwaltung, damit Gesch\u00e4digte ihre Anspr\u00fcche wegen einer Blockade &#8211; zum Beispiel wegen Arbeitszeitausfall, Betreuungsmehrkosten oder Ertragseinbu\u00dfen &#8211; zentral anmelden k\u00f6nnen.\u00a0<\/strong>Die Durchsetzung abgetretener Forderungen k\u00f6nnte dann \u00e4hnlich unb\u00fcrokratisch ablaufen wie die Geltendmachung von Fluggastrechten. Diese Anspr\u00fcche w\u00e4ren ein erster harter Schritt hin zu einer wenigstens finanziellen Kompensation.\u00a0<strong>Au\u00dferdem muss auch die H\u00f6chstdauer des Unterbindungsgewahrsams von vier Tagen wiederherstellt werden.\u00a0<\/strong>Die Ma\u00dfnahmen m\u00fcssen Pr\u00e4ventivcharakter haben, damit Berlin nicht zum Tollhaus von kriminellen Klima-Aktivisten wird.\u201c<\/em><\/p>\n","protected":false},"excerpt":{"rendered":"<p>Lars F. Lindemann MdB, Generalsekret\u00e4r der FDP Berlin, zu den von der Gruppe Extinction Rebellion angek\u00fcndigten Attacken auf Firmensitze und Parteizentralen in Berlin: \u201eSeit \u00fcber einem Jahr terrorisieren Kriminelle die [&#8230;]<\/p>\n","protected":false},"author":1,"featured_media":0,"comment_status":"open","ping_status":"closed","sticky":false,"template":"","format":"standard","meta":{"footnotes":""},"categories":[536],"tags":[3285,706,3242],"class_list":["post-10560","post","type-post","status-publish","format-standard","hentry","category-sicherheit","tag-extinction-rebellion","tag-fdp-berlin","tag-lars-lindemann"],"_links":{"self":[{"href":"https:\/\/fdp-aktiv.de\/blog\/wp-json\/wp\/v2\/posts\/10560","targetHints":{"allow":["GET"]}}],"collection":[{"href":"https:\/\/fdp-aktiv.de\/blog\/wp-json\/wp\/v2\/posts"}],"about":[{"href":"https:\/\/fdp-aktiv.de\/blog\/wp-json\/wp\/v2\/types\/post"}],"author":[{"embeddable":true,"href":"https:\/\/fdp-aktiv.de\/blog\/wp-json\/wp\/v2\/users\/1"}],"replies":[{"embeddable":true,"href":"https:\/\/fdp-aktiv.de\/blog\/wp-json\/wp\/v2\/comments?post=10560"}],"version-history":[{"count":1,"href":"https:\/\/fdp-aktiv.de\/blog\/wp-json\/wp\/v2\/posts\/10560\/revisions"}],"predecessor-version":[{"id":10561,"href":"https:\/\/fdp-aktiv.de\/blog\/wp-json\/wp\/v2\/posts\/10560\/revisions\/10561"}],"wp:attachment":[{"href":"https:\/\/fdp-aktiv.de\/blog\/wp-json\/wp\/v2\/media?parent=10560"}],"wp:term":[{"taxonomy":"category","embeddable":true,"href":"https:\/\/fdp-aktiv.de\/blog\/wp-json\/wp\/v2\/categories?post=10560"},{"taxonomy":"post_tag","embeddable":true,"href":"https:\/\/fdp-aktiv.de\/blog\/wp-json\/wp\/v2\/tags?post=10560"}],"curies":[{"name":"wp","href":"https:\/\/api.w.org\/{rel}","templated":true}]}}