{"id":10565,"date":"2023-04-14T09:22:47","date_gmt":"2023-04-14T07:22:47","guid":{"rendered":"https:\/\/fdp-aktiv.de\/blog\/?p=10565"},"modified":"2023-04-14T09:22:47","modified_gmt":"2023-04-14T07:22:47","slug":"hamburg-fdp-blume-kreative-dauernutzung-kann-fehlendes-city-konzept-nicht-kaschieren","status":"publish","type":"post","link":"https:\/\/fdp-aktiv.de\/blog\/2023\/04\/14\/hamburg-fdp-blume-kreative-dauernutzung-kann-fehlendes-city-konzept-nicht-kaschieren\/","title":{"rendered":"Hamburg &#8211; FDP \u2013 Blume: Kreative Dauernutzung kann fehlendes City-Konzept nicht kaschieren"},"content":{"rendered":"<p>Zur Nutzung des ehemaligen Karstadt-Geb\u00e4udes in der M\u00f6nckebergstra\u00dfe erkl\u00e4rt die stv. FDP-Landesvorsitzende Katarina Blume:<\/p>\n<div class=\"mceTemp\">\n<ul id=\"attachment_3754\" class=\"wp-caption aligncenter\" style=\"width: 540px;\"><a href=\"https:\/\/fdp-aktiv.de\/blog\/wp-content\/uploads\/2022\/01\/2018-12_POR.Blume-2772ret2.jpg\"><img loading=\"lazy\" decoding=\"async\" class=\"size-full wp-image-3754\" src=\"https:\/\/fdp-aktiv.de\/blog\/wp-content\/uploads\/2022\/01\/2018-12_POR.Blume-2772ret2.jpg\" alt=\"\" width=\"540\" height=\"360\" srcset=\"https:\/\/fdp-aktiv.de\/blog\/wp-content\/uploads\/2022\/01\/2018-12_POR.Blume-2772ret2.jpg 540w, https:\/\/fdp-aktiv.de\/blog\/wp-content\/uploads\/2022\/01\/2018-12_POR.Blume-2772ret2-300x200.jpg 300w\" sizes=\"auto, (max-width: 540px) 100vw, 540px\" \/><\/a>Katarina Blume<\/ul>\n<\/div>\n<p>\u201eDie so genannte Zwischennutzung im ehemaligen Karstadt-Geb\u00e4ude geht in das zweite Jahr und wird damit zu einer kreativen Dauernutzung. Dem Kreativprojekt \u201aFrei_Fl\u00e4che\u2018 w\u00e4re mehr gedient, wenn es in die Quartiere gebracht w\u00fcrde, wo die Menschen leben, die es bespielen und nutzen k\u00f6nnen.<\/p>\n<p>&nbsp;<\/p>\n<p>Die Fortf\u00fchrung der Nutzung durch die Kreativgesellschaft kann nicht kaschieren, dass dem Senat ein zukunftsf\u00e4higes Gesamtkonzept f\u00fcr die Weiterentwicklung der City fehlt. Hamburg braucht f\u00fcr die Wiederbelebung der Innenstadt einen gro\u00dfen Wurf, der einer Weltmetropole gerecht wird. Daf\u00fcr kann beispielsweise der maritime Charakter der Stadt betont und Hamburgs St\u00e4rken in der Gastronomie weiter ausgebaut werden.\u201c<\/p>\n<p>&nbsp;<\/p>\n<p>&nbsp;<\/p>\n","protected":false},"excerpt":{"rendered":"<p>Zur Nutzung des ehemaligen Karstadt-Geb\u00e4udes in der M\u00f6nckebergstra\u00dfe erkl\u00e4rt die stv. FDP-Landesvorsitzende Katarina Blume: Katarina Blume \u201eDie so genannte Zwischennutzung im ehemaligen Karstadt-Geb\u00e4ude geht in das zweite Jahr und wird [&#8230;]<\/p>\n","protected":false},"author":1,"featured_media":0,"comment_status":"open","ping_status":"closed","sticky":false,"template":"","format":"standard","meta":{"footnotes":""},"categories":[8],"tags":[1387,935,1787,1773],"class_list":["post-10565","post","type-post","status-publish","format-standard","hentry","category-wirtschaft","tag-fdp-hamburg","tag-innenstadt","tag-katarina-blume","tag-klimaschutzkonzept"],"_links":{"self":[{"href":"https:\/\/fdp-aktiv.de\/blog\/wp-json\/wp\/v2\/posts\/10565","targetHints":{"allow":["GET"]}}],"collection":[{"href":"https:\/\/fdp-aktiv.de\/blog\/wp-json\/wp\/v2\/posts"}],"about":[{"href":"https:\/\/fdp-aktiv.de\/blog\/wp-json\/wp\/v2\/types\/post"}],"author":[{"embeddable":true,"href":"https:\/\/fdp-aktiv.de\/blog\/wp-json\/wp\/v2\/users\/1"}],"replies":[{"embeddable":true,"href":"https:\/\/fdp-aktiv.de\/blog\/wp-json\/wp\/v2\/comments?post=10565"}],"version-history":[{"count":1,"href":"https:\/\/fdp-aktiv.de\/blog\/wp-json\/wp\/v2\/posts\/10565\/revisions"}],"predecessor-version":[{"id":10566,"href":"https:\/\/fdp-aktiv.de\/blog\/wp-json\/wp\/v2\/posts\/10565\/revisions\/10566"}],"wp:attachment":[{"href":"https:\/\/fdp-aktiv.de\/blog\/wp-json\/wp\/v2\/media?parent=10565"}],"wp:term":[{"taxonomy":"category","embeddable":true,"href":"https:\/\/fdp-aktiv.de\/blog\/wp-json\/wp\/v2\/categories?post=10565"},{"taxonomy":"post_tag","embeddable":true,"href":"https:\/\/fdp-aktiv.de\/blog\/wp-json\/wp\/v2\/tags?post=10565"}],"curies":[{"name":"wp","href":"https:\/\/api.w.org\/{rel}","templated":true}]}}