{"id":10602,"date":"2023-04-19T11:19:55","date_gmt":"2023-04-19T09:19:55","guid":{"rendered":"https:\/\/fdp-aktiv.de\/blog\/?p=10602"},"modified":"2023-04-19T11:19:55","modified_gmt":"2023-04-19T09:19:55","slug":"berlin-christoph-meyer-mdb-landesvorsitzender-der-fdp-berlin-zum-interview-der-spd-bildungsexpertin-maja-lasic-in-dem-sie-fuer-einen-wechsel-an-der-spitze-der-bildungsverwaltung-plaediert","status":"publish","type":"post","link":"https:\/\/fdp-aktiv.de\/blog\/2023\/04\/19\/berlin-christoph-meyer-mdb-landesvorsitzender-der-fdp-berlin-zum-interview-der-spd-bildungsexpertin-maja-lasic-in-dem-sie-fuer-einen-wechsel-an-der-spitze-der-bildungsverwaltung-plaediert\/","title":{"rendered":"BERLIN &#8211; Christoph Meyer MdB, Landesvorsitzender der FDP Berlin, zum Interview der SPD-Bildungsexpertin Maja Lasi\u0107, in dem sie f\u00fcr einen Wechsel an der Spitze der Bildungsverwaltung pl\u00e4diert:"},"content":{"rendered":"<figure id=\"attachment_5300\" aria-describedby=\"caption-attachment-5300\" style=\"width: 683px\" class=\"wp-caption aligncenter\"><a href=\"https:\/\/fdp-aktiv.de\/blog\/wp-content\/uploads\/2022\/04\/Christoph_Meyer_FDP-scaled.jpg\"><img loading=\"lazy\" decoding=\"async\" class=\"size-large wp-image-5300\" src=\"https:\/\/fdp-aktiv.de\/blog\/wp-content\/uploads\/2022\/04\/Christoph_Meyer_FDP-683x1024.jpg\" alt=\"\" width=\"683\" height=\"1024\" srcset=\"https:\/\/fdp-aktiv.de\/blog\/wp-content\/uploads\/2022\/04\/Christoph_Meyer_FDP-683x1024.jpg 683w, https:\/\/fdp-aktiv.de\/blog\/wp-content\/uploads\/2022\/04\/Christoph_Meyer_FDP-200x300.jpg 200w, https:\/\/fdp-aktiv.de\/blog\/wp-content\/uploads\/2022\/04\/Christoph_Meyer_FDP-768x1152.jpg 768w, https:\/\/fdp-aktiv.de\/blog\/wp-content\/uploads\/2022\/04\/Christoph_Meyer_FDP-1024x1536.jpg 1024w, https:\/\/fdp-aktiv.de\/blog\/wp-content\/uploads\/2022\/04\/Christoph_Meyer_FDP-1365x2048.jpg 1365w, https:\/\/fdp-aktiv.de\/blog\/wp-content\/uploads\/2022\/04\/Christoph_Meyer_FDP-scaled.jpg 1707w\" sizes=\"auto, (max-width: 683px) 100vw, 683px\" \/><\/a><figcaption id=\"caption-attachment-5300\" class=\"wp-caption-text\">Christoph Mayer, FDP<\/figcaption><\/figure>\n<p><em>\u201eDie Aussage von Frau Lasi\u0107 ist ein Offenbarungseid und eine Bankrotterkl\u00e4rung in die <a href=\"https:\/\/fdp-aktiv.de\/blog\/2021\/01\/29\/fdp-forderung-bildung\/\" data-internallinksmanager029f6b8e52c=\"3\" title=\"FDP Forderung Bildungspolitik\">Bildungspolitik<\/a> der Berliner SPD. Damit wird deutlich, dass die Hauptstadt nach \u00fcber 26 Jahren sozialdemokratischer <a href=\"https:\/\/fdp-aktiv.de\/blog\/2021\/01\/29\/fdp-forderung-bildung\/\" data-internallinksmanager029f6b8e52c=\"3\" title=\"FDP Forderung Bildungspolitik\">Bildungspolitik<\/a> vor einem Scherbenhaufen steht &#8211; alles zulasten der Sch\u00fclerinnen und Sch\u00fcler sowie deren Eltern. Gerade die Schulen und deren Infrastruktur sind in einem katastrophalen Zustand. Auch das Bildungsniveau bleibt konstant schlecht und die Zahl der Absolventen in den Lehramtsstudieng\u00e4ngen wird geringer. Hier kann sich die SPD nicht einfach aus der Verantwortung stehlen. Oberstes Ziel des neuen Berliner Senats muss es sein, dass die Schulvielfalt erhalten bleibt, der Lehrermangel beendet und die Schule wieder zu einem Ort des Lernens wird. Das beginnt zum Beispiel damit, dass jeder Lehrkraft ein eigener angemessener Arbeitsplatz in der Schule zur Verf\u00fcgung gestellt werden muss &#8211; das umfasst auch die Ausstattung mit Laptop und Tablet. Schwarz-Rot muss endlich alles daran setzen, gut ausgebildete Lehrer f\u00fcr die Hauptstadt zu gewinnen und diese auch zu halten. Eine Verbeamtung reicht dazu sicher nicht aus. Die Regierung muss unverz\u00fcglich in die <a href=\"https:\/\/fdp-aktiv.de\/blog\/2021\/01\/29\/fdp-forderung-bildung\/\" data-internallinksmanager029f6b8e52c=\"3\" title=\"FDP Forderung Bildungspolitik\">Bildungspolitik<\/a> der Stadt investieren und nicht dabei zuschauen, wie Lehrerinnen und Lehrer in anderen Bundesl\u00e4ndern ihre Arbeit aufnehmen. Berlin braucht weltbeste Bildung. Dazu hat die SPD in den letzten Jahrzehnten nicht viel beigetragen.\u201c<\/em><\/p>\n<p>&nbsp;<\/p>\n","protected":false},"excerpt":{"rendered":"<p>\u201eDie Aussage von Frau Lasi\u0107 ist ein Offenbarungseid und eine Bankrotterkl\u00e4rung in die Bildungspolitik der Berliner SPD. Damit wird deutlich, dass die Hauptstadt nach \u00fcber 26 Jahren sozialdemokratischer Bildungspolitik vor [&#8230;]<\/p>\n","protected":false},"author":1,"featured_media":0,"comment_status":"open","ping_status":"closed","sticky":false,"template":"","format":"standard","meta":{"footnotes":""},"categories":[34],"tags":[2322,706,3290],"class_list":["post-10602","post","type-post","status-publish","format-standard","hentry","category-bildung","tag-christoph-meyer","tag-fdp-berlin","tag-maja-lasic"],"_links":{"self":[{"href":"https:\/\/fdp-aktiv.de\/blog\/wp-json\/wp\/v2\/posts\/10602","targetHints":{"allow":["GET"]}}],"collection":[{"href":"https:\/\/fdp-aktiv.de\/blog\/wp-json\/wp\/v2\/posts"}],"about":[{"href":"https:\/\/fdp-aktiv.de\/blog\/wp-json\/wp\/v2\/types\/post"}],"author":[{"embeddable":true,"href":"https:\/\/fdp-aktiv.de\/blog\/wp-json\/wp\/v2\/users\/1"}],"replies":[{"embeddable":true,"href":"https:\/\/fdp-aktiv.de\/blog\/wp-json\/wp\/v2\/comments?post=10602"}],"version-history":[{"count":1,"href":"https:\/\/fdp-aktiv.de\/blog\/wp-json\/wp\/v2\/posts\/10602\/revisions"}],"predecessor-version":[{"id":10610,"href":"https:\/\/fdp-aktiv.de\/blog\/wp-json\/wp\/v2\/posts\/10602\/revisions\/10610"}],"wp:attachment":[{"href":"https:\/\/fdp-aktiv.de\/blog\/wp-json\/wp\/v2\/media?parent=10602"}],"wp:term":[{"taxonomy":"category","embeddable":true,"href":"https:\/\/fdp-aktiv.de\/blog\/wp-json\/wp\/v2\/categories?post=10602"},{"taxonomy":"post_tag","embeddable":true,"href":"https:\/\/fdp-aktiv.de\/blog\/wp-json\/wp\/v2\/tags?post=10602"}],"curies":[{"name":"wp","href":"https:\/\/api.w.org\/{rel}","templated":true}]}}