{"id":10605,"date":"2023-04-19T11:18:45","date_gmt":"2023-04-19T09:18:45","guid":{"rendered":"https:\/\/fdp-aktiv.de\/blog\/?p=10605"},"modified":"2023-04-19T11:18:45","modified_gmt":"2023-04-19T09:18:45","slug":"baden-wuerttemberg-ruelke-verstaerkt-ruecktrittsforderung-an-strobl","status":"publish","type":"post","link":"https:\/\/fdp-aktiv.de\/blog\/2023\/04\/19\/baden-wuerttemberg-ruelke-verstaerkt-ruecktrittsforderung-an-strobl\/","title":{"rendered":"Baden-W\u00fcrttemberg &#8211; R\u00fclke verst\u00e4rkt R\u00fccktrittsforderung an Strobl"},"content":{"rendered":"<p>Alkoholexzesse und abartige Sexpraktiken an der Spitze des Innenministeriums m\u00fcssen endlich personelle Konsequenzen haben<\/p>\n<p>Der Vorsitzende der FDP\/DVP-Fraktion im baden-w\u00fcrttembergischen Landtag, <strong>Dr. Hans-Ulrich R\u00fclke<\/strong>, verst\u00e4rkt nach den j\u00fcngsten Enth\u00fcllungen seine R\u00fccktrittsforderung an die Adresse von Innenminister Thomas Strobl.<\/p>\n<figure id=\"attachment_4320\" aria-describedby=\"caption-attachment-4320\" style=\"width: 800px\" class=\"wp-caption aligncenter\"><a href=\"https:\/\/fdp-aktiv.de\/blog\/wp-content\/uploads\/2022\/02\/190226_fdp_ruelke_1905_final-e1582883132901.jpg\"><img loading=\"lazy\" decoding=\"async\" class=\"size-large wp-image-4320\" src=\"https:\/\/fdp-aktiv.de\/blog\/wp-content\/uploads\/2022\/02\/190226_fdp_ruelke_1905_final-e1582883132901-1024x1024.jpg\" alt=\"\" width=\"800\" height=\"800\" srcset=\"https:\/\/fdp-aktiv.de\/blog\/wp-content\/uploads\/2022\/02\/190226_fdp_ruelke_1905_final-e1582883132901-1024x1024.jpg 1024w, https:\/\/fdp-aktiv.de\/blog\/wp-content\/uploads\/2022\/02\/190226_fdp_ruelke_1905_final-e1582883132901-300x300.jpg 300w, https:\/\/fdp-aktiv.de\/blog\/wp-content\/uploads\/2022\/02\/190226_fdp_ruelke_1905_final-e1582883132901-150x150.jpg 150w, https:\/\/fdp-aktiv.de\/blog\/wp-content\/uploads\/2022\/02\/190226_fdp_ruelke_1905_final-e1582883132901-768x768.jpg 768w, https:\/\/fdp-aktiv.de\/blog\/wp-content\/uploads\/2022\/02\/190226_fdp_ruelke_1905_final-e1582883132901-400x400.jpg 400w, https:\/\/fdp-aktiv.de\/blog\/wp-content\/uploads\/2022\/02\/190226_fdp_ruelke_1905_final-e1582883132901.jpg 1105w\" sizes=\"auto, (max-width: 800px) 100vw, 800px\" \/><\/a><figcaption id=\"caption-attachment-4320\" class=\"wp-caption-text\">Dr. Hans-Ulrich R\u00fclke<\/figcaption><\/figure>\n<p>Durch Berichte der BILD-Zeitung sei nun bekannt geworden, dass die Staatsanwaltschaft in ihrer Anklageschrift an die Adresse des beurlaubten Inspekteurs der baden-w\u00fcrttembergischen Polizei von stundenlangen Alkoholexzessen an der Spitze des Innenministeriums w\u00e4hrend der Dienstzeit, gefolgt von abartigen und unappetitlichen sexuellen Praktiken ausgehe.<\/p>\n<p>&nbsp;<\/p>\n<p>\u201eEs ist unglaublich, welche Abgr\u00fcnde sich bei Spitzenbeamten auftun, die alle von Herrn Strobl in ihre \u00c4mter gebracht wurden. Das Ansehen der Polizei und dar\u00fcber hinaus unseres Landes insgesamt wird in den Dreck gezogen. Es wird h\u00f6chste Zeit, dass Herr Strobl die politische Verantwortung f\u00fcr seine eigenen personellen Fehlentscheidungen und f\u00fcr die dekadenten Orgien \u00fcbernimmt, die unter dem Dach seines Hauses zelebriert werden!\u201c so R\u00fclke w\u00f6rtlich.<\/p>\n","protected":false},"excerpt":{"rendered":"<p>Alkoholexzesse und abartige Sexpraktiken an der Spitze des Innenministeriums m\u00fcssen endlich personelle Konsequenzen haben Der Vorsitzende der FDP\/DVP-Fraktion im baden-w\u00fcrttembergischen Landtag, Dr. Hans-Ulrich R\u00fclke, verst\u00e4rkt nach den j\u00fcngsten Enth\u00fcllungen seine [&#8230;]<\/p>\n","protected":false},"author":1,"featured_media":0,"comment_status":"open","ping_status":"closed","sticky":false,"template":"","format":"standard","meta":{"footnotes":""},"categories":[6],"tags":[842,650,2270,3287,2269],"class_list":["post-10605","post","type-post","status-publish","format-standard","hentry","category-politik","tag-dr-hans-ulrich-ruelke","tag-fdp-dvp","tag-innenminister","tag-ruecktritt","tag-strobl"],"_links":{"self":[{"href":"https:\/\/fdp-aktiv.de\/blog\/wp-json\/wp\/v2\/posts\/10605","targetHints":{"allow":["GET"]}}],"collection":[{"href":"https:\/\/fdp-aktiv.de\/blog\/wp-json\/wp\/v2\/posts"}],"about":[{"href":"https:\/\/fdp-aktiv.de\/blog\/wp-json\/wp\/v2\/types\/post"}],"author":[{"embeddable":true,"href":"https:\/\/fdp-aktiv.de\/blog\/wp-json\/wp\/v2\/users\/1"}],"replies":[{"embeddable":true,"href":"https:\/\/fdp-aktiv.de\/blog\/wp-json\/wp\/v2\/comments?post=10605"}],"version-history":[{"count":1,"href":"https:\/\/fdp-aktiv.de\/blog\/wp-json\/wp\/v2\/posts\/10605\/revisions"}],"predecessor-version":[{"id":10609,"href":"https:\/\/fdp-aktiv.de\/blog\/wp-json\/wp\/v2\/posts\/10605\/revisions\/10609"}],"wp:attachment":[{"href":"https:\/\/fdp-aktiv.de\/blog\/wp-json\/wp\/v2\/media?parent=10605"}],"wp:term":[{"taxonomy":"category","embeddable":true,"href":"https:\/\/fdp-aktiv.de\/blog\/wp-json\/wp\/v2\/categories?post=10605"},{"taxonomy":"post_tag","embeddable":true,"href":"https:\/\/fdp-aktiv.de\/blog\/wp-json\/wp\/v2\/tags?post=10605"}],"curies":[{"name":"wp","href":"https:\/\/api.w.org\/{rel}","templated":true}]}}