{"id":10630,"date":"2023-04-20T10:17:19","date_gmt":"2023-04-20T08:17:19","guid":{"rendered":"https:\/\/fdp-aktiv.de\/blog\/?p=10630"},"modified":"2023-04-20T10:17:19","modified_gmt":"2023-04-20T08:17:19","slug":"baden-wuerttemberg-trauschel-gruen-schwarz-muss-aufhoeren-sich-beim-thema-modernisierung-der-schul-it-immer-herauszuwinden","status":"publish","type":"post","link":"https:\/\/fdp-aktiv.de\/blog\/2023\/04\/20\/baden-wuerttemberg-trauschel-gruen-schwarz-muss-aufhoeren-sich-beim-thema-modernisierung-der-schul-it-immer-herauszuwinden\/","title":{"rendered":"Baden-W\u00fcrttemberg &#8211; Trauschel: Gr\u00fcn-Schwarz muss aufh\u00f6ren, sich beim Thema Modernisierung der Schul-IT immer herauszuwinden"},"content":{"rendered":"<p>Bisherige Herangehensweise, dass die Kommunen die Sachkosten bzgl. Schul-IT \u00fcbernehmen sollen, ist \u00fcberhaupt nicht mehr zeitgem\u00e4\u00df<\/p>\n<p style=\"font-weight: 400;\">Zur heutigen Plenarsitzung mit dem Thema der digitalen Unterst\u00fctzung f\u00fcr Schule und Unterricht, sagt die Sprecherin f\u00fcr berufliche Bildung,\u00a0<strong>Alena Trauschel<\/strong>:<\/p>\n<figure id=\"attachment_5851\" aria-describedby=\"caption-attachment-5851\" style=\"width: 800px\" class=\"wp-caption aligncenter\"><a href=\"https:\/\/fdp-aktiv.de\/blog\/wp-content\/uploads\/2022\/06\/Alena_Trauschel_MdL_auf_dem_59._Bundeskongress_der_Jungen_Liberalen_in_Oldenburg.jpg\"><img loading=\"lazy\" decoding=\"async\" class=\"size-large wp-image-5851\" src=\"https:\/\/fdp-aktiv.de\/blog\/wp-content\/uploads\/2022\/06\/Alena_Trauschel_MdL_auf_dem_59._Bundeskongress_der_Jungen_Liberalen_in_Oldenburg-1024x683.jpg\" alt=\"\" width=\"800\" height=\"534\" srcset=\"https:\/\/fdp-aktiv.de\/blog\/wp-content\/uploads\/2022\/06\/Alena_Trauschel_MdL_auf_dem_59._Bundeskongress_der_Jungen_Liberalen_in_Oldenburg-1024x683.jpg 1024w, https:\/\/fdp-aktiv.de\/blog\/wp-content\/uploads\/2022\/06\/Alena_Trauschel_MdL_auf_dem_59._Bundeskongress_der_Jungen_Liberalen_in_Oldenburg-300x200.jpg 300w, https:\/\/fdp-aktiv.de\/blog\/wp-content\/uploads\/2022\/06\/Alena_Trauschel_MdL_auf_dem_59._Bundeskongress_der_Jungen_Liberalen_in_Oldenburg-768x512.jpg 768w, https:\/\/fdp-aktiv.de\/blog\/wp-content\/uploads\/2022\/06\/Alena_Trauschel_MdL_auf_dem_59._Bundeskongress_der_Jungen_Liberalen_in_Oldenburg.jpg 1200w\" sizes=\"auto, (max-width: 800px) 100vw, 800px\" \/><\/a><figcaption id=\"caption-attachment-5851\" class=\"wp-caption-text\">Alena Trauschel MdL auf dem 59. Bundeskongress der Jungen Liberalen in Oldenburg<\/figcaption><\/figure>\n<p style=\"font-weight: 400;\">\u201eInformationstechnik ist die zentrale Schl\u00fcsseltechnologie des 21. Jahrhunderts. Es kann deshalb nicht sein, dass die Themen der Digitalen Bildung und Digitalisierung der Schulen nach wie vor stiefm\u00fctterlich angegangen werden. Zwar br\u00fcstet sich Gr\u00fcn-Schwarz immer damit, digitale Themen rund um die Schulen voranzutreiben, doch wirklich umgesetzt wird davon nichts. Man schaue sich nur die Beteiligung des Landes bei der Finanzierung, der Wartung und dem Support von Hard- und Software an den Schulen an. Hier ist Ministerpr\u00e4sident Winfried Kretschmann der Meinung, dass \u201adie Kommunen blechen\u2018 m\u00fcssen. Angesichts der riesigen Summen, die langfristig in digitale Themen an den Schulen investiert werden m\u00fcssen, ist jedoch die bisherige Herangehensweise, dass die Kommunen die Sachkosten an den Schulen \u00fcbernehmen sollen, \u00fcberhaupt nicht mehr zeitgem\u00e4\u00df. Ich w\u00fcrde gar sagen, dass es utopisch ist, die Kommunen mit diesen gro\u00dfen Summen alleine zu lassen. Deshalb fordere ich Gr\u00fcn-Schwarz auf, sich nicht mit alten Argumenten herauszuwinden, sondern sich endlich angemessen an der Finanzierung der bei der Modernisierung der Schul-IT zu beteiligen.\u201c<\/p>\n","protected":false},"excerpt":{"rendered":"<p>Bisherige Herangehensweise, dass die Kommunen die Sachkosten bzgl. Schul-IT \u00fcbernehmen sollen, ist \u00fcberhaupt nicht mehr zeitgem\u00e4\u00df Zur heutigen Plenarsitzung mit dem Thema der digitalen Unterst\u00fctzung f\u00fcr Schule und Unterricht, sagt [&#8230;]<\/p>\n","protected":false},"author":1,"featured_media":0,"comment_status":"open","ping_status":"closed","sticky":false,"template":"","format":"standard","meta":{"footnotes":""},"categories":[34,68],"tags":[1013,155,650,3294],"class_list":["post-10630","post","type-post","status-publish","format-standard","hentry","category-bildung","category-digital","tag-alena-fink-trauschel","tag-digitalisierung","tag-fdp-dvp","tag-schul-it"],"_links":{"self":[{"href":"https:\/\/fdp-aktiv.de\/blog\/wp-json\/wp\/v2\/posts\/10630","targetHints":{"allow":["GET"]}}],"collection":[{"href":"https:\/\/fdp-aktiv.de\/blog\/wp-json\/wp\/v2\/posts"}],"about":[{"href":"https:\/\/fdp-aktiv.de\/blog\/wp-json\/wp\/v2\/types\/post"}],"author":[{"embeddable":true,"href":"https:\/\/fdp-aktiv.de\/blog\/wp-json\/wp\/v2\/users\/1"}],"replies":[{"embeddable":true,"href":"https:\/\/fdp-aktiv.de\/blog\/wp-json\/wp\/v2\/comments?post=10630"}],"version-history":[{"count":1,"href":"https:\/\/fdp-aktiv.de\/blog\/wp-json\/wp\/v2\/posts\/10630\/revisions"}],"predecessor-version":[{"id":10631,"href":"https:\/\/fdp-aktiv.de\/blog\/wp-json\/wp\/v2\/posts\/10630\/revisions\/10631"}],"wp:attachment":[{"href":"https:\/\/fdp-aktiv.de\/blog\/wp-json\/wp\/v2\/media?parent=10630"}],"wp:term":[{"taxonomy":"category","embeddable":true,"href":"https:\/\/fdp-aktiv.de\/blog\/wp-json\/wp\/v2\/categories?post=10630"},{"taxonomy":"post_tag","embeddable":true,"href":"https:\/\/fdp-aktiv.de\/blog\/wp-json\/wp\/v2\/tags?post=10630"}],"curies":[{"name":"wp","href":"https:\/\/api.w.org\/{rel}","templated":true}]}}