{"id":10691,"date":"2023-04-22T08:44:09","date_gmt":"2023-04-22T06:44:09","guid":{"rendered":"https:\/\/fdp-aktiv.de\/blog\/?p=10691"},"modified":"2023-04-22T08:44:09","modified_gmt":"2023-04-22T06:44:09","slug":"lars-f-lindemann-mdb-generalsekretaer-der-fdp-berlin-zu-aktuellen-entwicklungen-in-der-kriminalstatistik-2022","status":"publish","type":"post","link":"https:\/\/fdp-aktiv.de\/blog\/2023\/04\/22\/lars-f-lindemann-mdb-generalsekretaer-der-fdp-berlin-zu-aktuellen-entwicklungen-in-der-kriminalstatistik-2022\/","title":{"rendered":"Lars F. Lindemann MdB, Generalsekret\u00e4r der FDP Berlin, zu aktuellen Entwicklungen in der Kriminalstatistik 2022:"},"content":{"rendered":"<figure id=\"attachment_10345\" aria-describedby=\"caption-attachment-10345\" style=\"width: 800px\" class=\"wp-caption aligncenter\"><a href=\"https:\/\/fdp-aktiv.de\/blog\/wp-content\/uploads\/2023\/03\/LL_05237-min-scaled.jpg\"><img loading=\"lazy\" decoding=\"async\" class=\"size-large wp-image-10345\" src=\"https:\/\/fdp-aktiv.de\/blog\/wp-content\/uploads\/2023\/03\/LL_05237-min-1024x683.jpg\" alt=\"Lars Lindemann\" width=\"800\" height=\"534\" srcset=\"https:\/\/fdp-aktiv.de\/blog\/wp-content\/uploads\/2023\/03\/LL_05237-min-1024x683.jpg 1024w, https:\/\/fdp-aktiv.de\/blog\/wp-content\/uploads\/2023\/03\/LL_05237-min-300x200.jpg 300w, https:\/\/fdp-aktiv.de\/blog\/wp-content\/uploads\/2023\/03\/LL_05237-min-768x512.jpg 768w, https:\/\/fdp-aktiv.de\/blog\/wp-content\/uploads\/2023\/03\/LL_05237-min-1536x1025.jpg 1536w, https:\/\/fdp-aktiv.de\/blog\/wp-content\/uploads\/2023\/03\/LL_05237-min-2048x1366.jpg 2048w\" sizes=\"auto, (max-width: 800px) 100vw, 800px\" \/><\/a><figcaption id=\"caption-attachment-10345\" class=\"wp-caption-text\">Lars Lindemann<\/figcaption><\/figure>\n<p><i>&#8220;Die steigenden Fallzahlen der polizeilichen Kriminalstatistik 2022 waren abzusehen, da die Corona-Pandemie auch f\u00fcr die Kriminalit\u00e4t vorbei ist. Mehr Mord und Totschlag, mehr Diebst\u00e4hle, mehr Einbr\u00fcche und mehr Gewalttaten \u00a0&#8211; damit haben sich die Zahlen in der Hauptstadt leider wieder &#8220;normalisiert&#8221;. Auch die Aufkl\u00e4rungsrate l\u00e4sst zu w\u00fcnschen \u00fcbrig. Somit ist und bleibt Berlin der Hotspot im Bereich der Kriminalit\u00e4t und kann dieses Image auch nicht absch\u00fctteln. Es zeigt sich, das die Situation weiterhin hoch alarmierend ist und das in den letzten Jahren keine Verbesserung in Hauptstadt zu verzeichnen war. Corona hat viel verf\u00e4lscht und die Taten leider nur in den virtuellen Raum verschoben. Und was machen CDU und SPD bei dieser Ausgangslage? Sie setzen u.a. auf mehr \u00a0Video\u00fcberwachung an kriminalit\u00e4tsbelasteten Orten. Dies ist realit\u00e4tsfremd, da ein einfaches Mehr an Video\u00fcberwachung die Stadt nicht sicherer macht. Damit wir den Kriminellen der rote Teppich ausgerollt. Denn keine Kamera kann eine Straftat vereiteln \u2013 dies m\u00fcssen CDU und SPD endlich verstehen. Die Stadt braucht viel mehr \u00a0\u00a0Polizistinnen und Polizisten auf den Stra\u00dfen, verst\u00e4rkt mit spezialisiertem Personal und modernster Ausstattung, damit Straftaten gleich im Keim erstickt werden k\u00f6nnen. Daf\u00fcr muss der Berufszweig endlich attraktiver gestaltet werden. Denn klar ist: Der Rechtsstatt muss besser organisiert sein als das Verbrechen.&#8221;<\/i><\/p>\n","protected":false},"excerpt":{"rendered":"<p>&#8220;Die steigenden Fallzahlen der polizeilichen Kriminalstatistik 2022 waren abzusehen, da die Corona-Pandemie auch f\u00fcr die Kriminalit\u00e4t vorbei ist. Mehr Mord und Totschlag, mehr Diebst\u00e4hle, mehr Einbr\u00fcche und mehr Gewalttaten \u00a0&#8211; [&#8230;]<\/p>\n","protected":false},"author":1,"featured_media":0,"comment_status":"open","ping_status":"closed","sticky":false,"template":"","format":"standard","meta":{"footnotes":""},"categories":[536],"tags":[706,3206,3242],"class_list":["post-10691","post","type-post","status-publish","format-standard","hentry","category-sicherheit","tag-fdp-berlin","tag-kriminalstatistik","tag-lars-lindemann"],"_links":{"self":[{"href":"https:\/\/fdp-aktiv.de\/blog\/wp-json\/wp\/v2\/posts\/10691","targetHints":{"allow":["GET"]}}],"collection":[{"href":"https:\/\/fdp-aktiv.de\/blog\/wp-json\/wp\/v2\/posts"}],"about":[{"href":"https:\/\/fdp-aktiv.de\/blog\/wp-json\/wp\/v2\/types\/post"}],"author":[{"embeddable":true,"href":"https:\/\/fdp-aktiv.de\/blog\/wp-json\/wp\/v2\/users\/1"}],"replies":[{"embeddable":true,"href":"https:\/\/fdp-aktiv.de\/blog\/wp-json\/wp\/v2\/comments?post=10691"}],"version-history":[{"count":1,"href":"https:\/\/fdp-aktiv.de\/blog\/wp-json\/wp\/v2\/posts\/10691\/revisions"}],"predecessor-version":[{"id":10693,"href":"https:\/\/fdp-aktiv.de\/blog\/wp-json\/wp\/v2\/posts\/10691\/revisions\/10693"}],"wp:attachment":[{"href":"https:\/\/fdp-aktiv.de\/blog\/wp-json\/wp\/v2\/media?parent=10691"}],"wp:term":[{"taxonomy":"category","embeddable":true,"href":"https:\/\/fdp-aktiv.de\/blog\/wp-json\/wp\/v2\/categories?post=10691"},{"taxonomy":"post_tag","embeddable":true,"href":"https:\/\/fdp-aktiv.de\/blog\/wp-json\/wp\/v2\/tags?post=10691"}],"curies":[{"name":"wp","href":"https:\/\/api.w.org\/{rel}","templated":true}]}}