{"id":10692,"date":"2023-04-22T08:48:30","date_gmt":"2023-04-22T06:48:30","guid":{"rendered":"https:\/\/fdp-aktiv.de\/blog\/?p=10692"},"modified":"2023-04-22T08:48:30","modified_gmt":"2023-04-22T06:48:30","slug":"bettina-stark-watzinger-zur-stellvertretenden-fdp-bundesvorsitzenden-gewaehlt","status":"publish","type":"post","link":"https:\/\/fdp-aktiv.de\/blog\/2023\/04\/22\/bettina-stark-watzinger-zur-stellvertretenden-fdp-bundesvorsitzenden-gewaehlt\/","title":{"rendered":"Bettina STARK-WATZINGER zur stellvertretenden FDP-Bundesvorsitzenden gew\u00e4hlt"},"content":{"rendered":"<p>Bettina STARK-WATZINGER, Landesvorsitzende der Freien Demokraten in Hessen, ist neue stellvertretende Bundesvorsitzende der FDP. Beim Bundesparteitag der Freien Demokraten in Berlin wurde Stark-Watzinger, die zuvor schon Mitglied des Bundespr\u00e4sidiums war, am heutigen Samstag mit 86 Prozent der Delegiertenstimmen zur Stellvertreterin des im Amt best\u00e4tigten Bundesvorsitzenden Christian Lindner gew\u00e4hlt. \u201eDas ist ein gro\u00dfer Vertrauensbeweis. Ich freue mich sehr \u00fcber das gute Ergebnis und darauf, Christian Lindner als Stellvertreterin zu unterst\u00fctzen\u201c, erkl\u00e4rte Stark-Watzinger.<\/p>\n<figure id=\"attachment_2284\" aria-describedby=\"caption-attachment-2284\" style=\"width: 800px\" class=\"wp-caption aligncenter\"><a href=\"https:\/\/fdp-aktiv.de\/blog\/wp-content\/uploads\/2021\/08\/Stark-Watzinger-scaled.jpg\"><img loading=\"lazy\" decoding=\"async\" class=\"size-large wp-image-2284\" src=\"https:\/\/fdp-aktiv.de\/blog\/wp-content\/uploads\/2021\/08\/Stark-Watzinger-1024x683.jpg\" alt=\"Bettina Stark-Watzinger\" width=\"800\" height=\"534\" srcset=\"https:\/\/fdp-aktiv.de\/blog\/wp-content\/uploads\/2021\/08\/Stark-Watzinger-1024x683.jpg 1024w, https:\/\/fdp-aktiv.de\/blog\/wp-content\/uploads\/2021\/08\/Stark-Watzinger-300x200.jpg 300w, https:\/\/fdp-aktiv.de\/blog\/wp-content\/uploads\/2021\/08\/Stark-Watzinger-768x512.jpg 768w, https:\/\/fdp-aktiv.de\/blog\/wp-content\/uploads\/2021\/08\/Stark-Watzinger-1536x1024.jpg 1536w, https:\/\/fdp-aktiv.de\/blog\/wp-content\/uploads\/2021\/08\/Stark-Watzinger-2048x1366.jpg 2048w\" sizes=\"auto, (max-width: 800px) 100vw, 800px\" \/><\/a><figcaption id=\"caption-attachment-2284\" class=\"wp-caption-text\">Bettina Stark-Watzinger am 22.11.17 in Berlin im Deutschen Bundestag. \/ Fotograf: Tobias Koch (www.tobiaskoch.net)<\/figcaption><\/figure>\n<p>Mit ihrer Wahl ist ein Stellvertreter-Amt weiterhin mit einer hessischen Freien Demokratin besetzt. Die bisherige stellvertretende Bundesvorsitzende Nicola Beer hatte nicht wieder f\u00fcr den Bundesvorstand kandidiert. Sie soll Vizepr\u00e4sidentin der Europ\u00e4ischen Investitionsbank werden.<\/p>\n<p>Lindner dankte Nicola Beer f\u00fcr die geleistete Arbeit und erinnerte an gemeinsam gemeisterte Herausforderungen. Schlie\u00dflich war Nicola Beer Generalsekret\u00e4rin, als die FDP erfolgreich f\u00fcr den Wiedereinzug in den Bundestag k\u00e4mpfte. \u201eNicola Beer hat sich gro\u00dfe Verdienste um die FDP erworben\u201c, betonte Lindner.<\/p>\n<p>Stark-Watzinger erg\u00e4nzte: \u201eAuch wir hessische Freie Demokraten sind Nicola Beer au\u00dferordentlich dankbar f\u00fcr ihr langj\u00e4hriges unerm\u00fcdliches Engagement auf den verschiedensten Ebenen. Wer mit Nicola Beer zusammenarbeitet, wei\u00df, dass Politik niemals schl\u00e4ft.\u201c<\/p>\n","protected":false},"excerpt":{"rendered":"<p>Bettina STARK-WATZINGER, Landesvorsitzende der Freien Demokraten in Hessen, ist neue stellvertretende Bundesvorsitzende der FDP. Beim Bundesparteitag der Freien Demokraten in Berlin wurde Stark-Watzinger, die zuvor schon Mitglied des Bundespr\u00e4sidiums war, [&#8230;]<\/p>\n","protected":false},"author":1,"featured_media":0,"comment_status":"open","ping_status":"closed","sticky":false,"template":"","format":"standard","meta":{"footnotes":""},"categories":[6],"tags":[3299,486],"class_list":["post-10692","post","type-post","status-publish","format-standard","hentry","category-politik","tag-74-ord-bundesparteitag","tag-bettina-stark-watzinger"],"_links":{"self":[{"href":"https:\/\/fdp-aktiv.de\/blog\/wp-json\/wp\/v2\/posts\/10692","targetHints":{"allow":["GET"]}}],"collection":[{"href":"https:\/\/fdp-aktiv.de\/blog\/wp-json\/wp\/v2\/posts"}],"about":[{"href":"https:\/\/fdp-aktiv.de\/blog\/wp-json\/wp\/v2\/types\/post"}],"author":[{"embeddable":true,"href":"https:\/\/fdp-aktiv.de\/blog\/wp-json\/wp\/v2\/users\/1"}],"replies":[{"embeddable":true,"href":"https:\/\/fdp-aktiv.de\/blog\/wp-json\/wp\/v2\/comments?post=10692"}],"version-history":[{"count":1,"href":"https:\/\/fdp-aktiv.de\/blog\/wp-json\/wp\/v2\/posts\/10692\/revisions"}],"predecessor-version":[{"id":10697,"href":"https:\/\/fdp-aktiv.de\/blog\/wp-json\/wp\/v2\/posts\/10692\/revisions\/10697"}],"wp:attachment":[{"href":"https:\/\/fdp-aktiv.de\/blog\/wp-json\/wp\/v2\/media?parent=10692"}],"wp:term":[{"taxonomy":"category","embeddable":true,"href":"https:\/\/fdp-aktiv.de\/blog\/wp-json\/wp\/v2\/categories?post=10692"},{"taxonomy":"post_tag","embeddable":true,"href":"https:\/\/fdp-aktiv.de\/blog\/wp-json\/wp\/v2\/tags?post=10692"}],"curies":[{"name":"wp","href":"https:\/\/api.w.org\/{rel}","templated":true}]}}