{"id":10696,"date":"2023-04-22T08:49:38","date_gmt":"2023-04-22T06:49:38","guid":{"rendered":"https:\/\/fdp-aktiv.de\/blog\/?p=10696"},"modified":"2023-04-22T08:49:38","modified_gmt":"2023-04-22T06:49:38","slug":"baden-wuerttemberg-kern-freie-schulen-fuehlen-sich-von-kultusministerin-persoenlich-in-schwieriger-zeit-im-stich-gelassen","status":"publish","type":"post","link":"https:\/\/fdp-aktiv.de\/blog\/2023\/04\/22\/baden-wuerttemberg-kern-freie-schulen-fuehlen-sich-von-kultusministerin-persoenlich-in-schwieriger-zeit-im-stich-gelassen\/","title":{"rendered":"Baden-W\u00fcrttemberg &#8211; Kern: Freie Schulen f\u00fchlen sich von Kultusministerin \u201epers\u00f6nlich, in schwieriger Zeit, im Stich gelassen\u201c"},"content":{"rendered":"<p>Dringender Rat an Gr\u00fcn-Schwarz, nicht auch noch das letzte bisschen Vertrauen der Freien Schulen zu verspielen \u2013 Privatschulf\u00f6rderung muss an die Realit\u00e4ten vor Ort angepasst werden<\/p>\n<p>&nbsp;<\/p>\n<p>In der heutigen Beratung des Entwurfs der Landesregierung zum Privatschulgesetz sagt der bildungspolitische Sprecher der FDP\/DVP-Fraktion, <strong>Dr. Timm Kern<\/strong>:<\/p>\n<figure id=\"attachment_4661\" aria-describedby=\"caption-attachment-4661\" style=\"width: 800px\" class=\"wp-caption aligncenter\"><a href=\"https:\/\/fdp-aktiv.de\/blog\/wp-content\/uploads\/2022\/02\/web-190226_fdp_kern_2774_final_02.jpg\"><img loading=\"lazy\" decoding=\"async\" class=\"size-large wp-image-4661\" src=\"https:\/\/fdp-aktiv.de\/blog\/wp-content\/uploads\/2022\/02\/web-190226_fdp_kern_2774_final_02-1024x683.jpg\" alt=\"\" width=\"800\" height=\"534\" srcset=\"https:\/\/fdp-aktiv.de\/blog\/wp-content\/uploads\/2022\/02\/web-190226_fdp_kern_2774_final_02-1024x683.jpg 1024w, https:\/\/fdp-aktiv.de\/blog\/wp-content\/uploads\/2022\/02\/web-190226_fdp_kern_2774_final_02-300x200.jpg 300w, https:\/\/fdp-aktiv.de\/blog\/wp-content\/uploads\/2022\/02\/web-190226_fdp_kern_2774_final_02-768x512.jpg 768w, https:\/\/fdp-aktiv.de\/blog\/wp-content\/uploads\/2022\/02\/web-190226_fdp_kern_2774_final_02-1536x1024.jpg 1536w, https:\/\/fdp-aktiv.de\/blog\/wp-content\/uploads\/2022\/02\/web-190226_fdp_kern_2774_final_02.jpg 1920w\" sizes=\"auto, (max-width: 800px) 100vw, 800px\" \/><\/a><figcaption id=\"caption-attachment-4661\" class=\"wp-caption-text\">Dr. Timm Kern<\/figcaption><\/figure>\n<p>\u201eFreie Schulen geh\u00f6ren aus Sicht der Freien Demokraten ohne Wenn und Aber zur vielf\u00e4ltigen Bildungslandschaft in Baden-W\u00fcrttemberg dazu. Ohne sie werden die mannigfaltigen bildungspolitischen Probleme nicht zu l\u00f6sen und h\u00f6chste Bildungsqualit\u00e4t nicht zu gew\u00e4hrleisten sein. Allein deshalb m\u00fcsste es Gr\u00fcn-Schwarz ein wichtiges Anliegen sein, die Freien Schulen ad\u00e4quat zu f\u00f6rdern, sodass die enorm gestiegenen Energie- und Inflationskosten die Freien Schulen nicht an den Rand ihrer Existenz bringen.<\/p>\n<p>&nbsp;<\/p>\n<p>Doch diese werden im vorliegenden Gesetzentwurf von Gr\u00fcn-Schwarz nicht ber\u00fccksichtigt.<\/p>\n<p>Dabei stand die gr\u00fcn-schwarze Regierung jetzt ein Jahr in Kontakt mit den Freien Schulen \u2013 und seit einem Jahr warnt die Arbeitsgemeinschaft der Freien Schulen in Baden-W\u00fcrttemberg (AGFS) Gr\u00fcn-Schwarz, dass sich die gestiegenen Kosten nicht in der Privatschulf\u00f6rderung widerspiegeln. Noch im Dezember letzten Jahres hatte Gr\u00fcn-Schwarz der AGFS zugesichert, dass es keine Frage w\u00e4re, ob Hilfen kommen w\u00fcrden, sondern es nur eine Frage des Wann w\u00e4re. Doch diese Zusicherung hat sich mit dem Gesetzentwurf von Gr\u00fcn-Schwarz als leere Worth\u00fclse herausgestellt.<\/p>\n<p>&nbsp;<\/p>\n<p>Wenn die Sprecherin der AGFS, Christina Metke, der Kultusministerin Theresa Schopper schreibt, dass man sich von ihr \u201apers\u00f6nlich, in schwieriger Zeit, im Stich gelassen\u2018 f\u00fchlt, dann ist klar, dass Gr\u00fcn-Schwarz bei diesem Gesetzentwurf inhaltlich und kommunikativ schwere Fehler begangen hat. Die gr\u00fcn-schwarze Landesregierung verspielt sich mit solchen Aktionen peu \u00e0 peu das Vertrauen der Freien Schulen \u2013 und viel Vertrauen scheint es nach solchen Aussagen seitens der Freien Schulen nun wirklich nicht mehr zu geben.<\/p>\n<p>&nbsp;<\/p>\n<p>Offenbar haben andere Bundesl\u00e4nder wie z. B. Th\u00fcringen mit einer \u00e4hnlichen Privatschulf\u00f6rdersystematik wie Baden-W\u00fcrttemberg das Thema der gestiegenen Kosten f\u00fcr Freie Schulen deutlich besser gemanagt als Gr\u00fcn-Schwarz hierzulande. Es scheint also zu gehen, wenn man denn nur will.<\/p>\n<p>&nbsp;<\/p>\n<p>Ich gebe Gr\u00fcn-Schwarz deshalb den dringenden Rat, nicht auch noch das letzte bisschen Vertrauen der Freien Schulen zu verspielen. Man muss endlich daf\u00fcr sorgen, dass die Privatschulf\u00f6rderung den Realit\u00e4ten vor Ort angepasst wird.\u201c<\/p>\n","protected":false},"excerpt":{"rendered":"<p>Dringender Rat an Gr\u00fcn-Schwarz, nicht auch noch das letzte bisschen Vertrauen der Freien Schulen zu verspielen \u2013 Privatschulf\u00f6rderung muss an die Realit\u00e4ten vor Ort angepasst werden &nbsp; In der heutigen [&#8230;]<\/p>\n","protected":false},"author":1,"featured_media":0,"comment_status":"open","ping_status":"closed","sticky":false,"template":"","format":"standard","meta":{"footnotes":""},"categories":[34],"tags":[870,650,3307],"class_list":["post-10696","post","type-post","status-publish","format-standard","hentry","category-bildung","tag-dr-timm-kern","tag-fdp-dvp","tag-freie-schulen"],"_links":{"self":[{"href":"https:\/\/fdp-aktiv.de\/blog\/wp-json\/wp\/v2\/posts\/10696","targetHints":{"allow":["GET"]}}],"collection":[{"href":"https:\/\/fdp-aktiv.de\/blog\/wp-json\/wp\/v2\/posts"}],"about":[{"href":"https:\/\/fdp-aktiv.de\/blog\/wp-json\/wp\/v2\/types\/post"}],"author":[{"embeddable":true,"href":"https:\/\/fdp-aktiv.de\/blog\/wp-json\/wp\/v2\/users\/1"}],"replies":[{"embeddable":true,"href":"https:\/\/fdp-aktiv.de\/blog\/wp-json\/wp\/v2\/comments?post=10696"}],"version-history":[{"count":1,"href":"https:\/\/fdp-aktiv.de\/blog\/wp-json\/wp\/v2\/posts\/10696\/revisions"}],"predecessor-version":[{"id":10698,"href":"https:\/\/fdp-aktiv.de\/blog\/wp-json\/wp\/v2\/posts\/10696\/revisions\/10698"}],"wp:attachment":[{"href":"https:\/\/fdp-aktiv.de\/blog\/wp-json\/wp\/v2\/media?parent=10696"}],"wp:term":[{"taxonomy":"category","embeddable":true,"href":"https:\/\/fdp-aktiv.de\/blog\/wp-json\/wp\/v2\/categories?post=10696"},{"taxonomy":"post_tag","embeddable":true,"href":"https:\/\/fdp-aktiv.de\/blog\/wp-json\/wp\/v2\/tags?post=10696"}],"curies":[{"name":"wp","href":"https:\/\/api.w.org\/{rel}","templated":true}]}}