{"id":10734,"date":"2023-04-26T09:54:45","date_gmt":"2023-04-26T07:54:45","guid":{"rendered":"https:\/\/fdp-aktiv.de\/blog\/?p=10734"},"modified":"2023-04-26T09:54:45","modified_gmt":"2023-04-26T07:54:45","slug":"baden-wuerttemberg-haussmann-minister-lucha-traegt-die-verantwortung-dafuer-dass-das-land-beim-massregelvollzug-ueberrollt-wurde","status":"publish","type":"post","link":"https:\/\/fdp-aktiv.de\/blog\/2023\/04\/26\/baden-wuerttemberg-haussmann-minister-lucha-traegt-die-verantwortung-dafuer-dass-das-land-beim-massregelvollzug-ueberrollt-wurde\/","title":{"rendered":"Baden-W\u00fcrttemberg &#8211; Hau\u00dfmann: Minister Lucha tr\u00e4gt die Verantwortung daf\u00fcr, dass das Land beim Ma\u00dfregelvollzug \u00fcberrollt wurde"},"content":{"rendered":"<p>Vorgang in Heidelberg stellte Verh\u00e4ltnis zwischen Land und Kommunen auf den Kopf<\/p>\n<p>Das Land Baden-W\u00fcrttemberg und die Stadt Heidelberg gaben heute bekannt, sich \u00fcber die weitere Nutzung des ehemaligen Gef\u00e4ngnisses \u201eFauler Pelz\u201c in der Heidelberger Altstadt ab 1. Juli 2023 f\u00fcr den Betrieb eines Ma\u00dfregelvollzugs geeinigt zu haben.<\/p>\n<p>Vor allem an der schleppenden Einigung und den damit verbundenen Folgen \u00fcbt der gesundheitspolitische Sprecher und stv. Vorsitzende der FDP\/DVP-Fraktion, <strong>Jochen Hau\u00dfmann<\/strong>, allerdings deutliche Kritik:<\/p>\n<figure id=\"attachment_1641\" aria-describedby=\"caption-attachment-1641\" style=\"width: 800px\" class=\"wp-caption aligncenter\"><a href=\"https:\/\/fdp-aktiv.de\/blog\/wp-content\/uploads\/2021\/06\/web-190226_fdp_haussmann_0469_final_03.jpg\"><img loading=\"lazy\" decoding=\"async\" class=\"size-large wp-image-1641\" src=\"https:\/\/fdp-aktiv.de\/blog\/wp-content\/uploads\/2021\/06\/web-190226_fdp_haussmann_0469_final_03-1024x683.jpg\" alt=\"Jochen Hau\u00dfmann\" width=\"800\" height=\"534\" srcset=\"https:\/\/fdp-aktiv.de\/blog\/wp-content\/uploads\/2021\/06\/web-190226_fdp_haussmann_0469_final_03-1024x683.jpg 1024w, https:\/\/fdp-aktiv.de\/blog\/wp-content\/uploads\/2021\/06\/web-190226_fdp_haussmann_0469_final_03-300x200.jpg 300w, https:\/\/fdp-aktiv.de\/blog\/wp-content\/uploads\/2021\/06\/web-190226_fdp_haussmann_0469_final_03-768x512.jpg 768w, https:\/\/fdp-aktiv.de\/blog\/wp-content\/uploads\/2021\/06\/web-190226_fdp_haussmann_0469_final_03-1536x1024.jpg 1536w, https:\/\/fdp-aktiv.de\/blog\/wp-content\/uploads\/2021\/06\/web-190226_fdp_haussmann_0469_final_03.jpg 1920w\" sizes=\"auto, (max-width: 800px) 100vw, 800px\" \/><\/a><figcaption id=\"caption-attachment-1641\" class=\"wp-caption-text\">Jochen Hau\u00dfmann, FDP\/ DVP Fraktion<\/figcaption><\/figure>\n<p>\u201eIch begr\u00fc\u00dfe die Einigung in Sachen Fauler Pelz, das wirft aber ein Schlaglicht auf das katastrophale Missmanagement von Minister Lucha. Anstatt wie von der FDP-Landtagsfraktion vorgeschlagen, bereits 2021 in einen Dialog mit der Stadt Heidelberg zu gehen, hat er s\u00e4mtliche Register gezogen, um der Stadt Heidelberg zu zeigen, dass das Land mit allen Mitteln durchgreift.<\/p>\n<p>&nbsp;<\/p>\n<p>Mit diesem Eingriff in die kommunale Planungshoheit sorgte er f\u00fcr einen einmaligen Vorgang, der das bew\u00e4hrte Miteinander zwischen Land und Kommunen auf den Kopf stellte. Die lange Unsicherheit \u00fcber das weitere Verfahren hat der Minister zu verantworten. Und er tr\u00e4gt die Verantwortung, dass Baden-W\u00fcrttemberg bei der Erweiterung der Pl\u00e4tze im Ma\u00dfregelvollzug von der absehbaren Entwicklung regelrecht \u00fcberrollt wurde. So wurden im Jahr 2021 32, im letzten Jahr (2022) 30 und in diesem Jahr bereits sieben suchtkranke oder psychisch kranke Straft\u00e4ter entlassen, weil nicht ausreichend Pl\u00e4tze zur Verf\u00fcgung stehen.\u201c<\/p>\n<p>&nbsp;<\/p>\n","protected":false},"excerpt":{"rendered":"<p>Vorgang in Heidelberg stellte Verh\u00e4ltnis zwischen Land und Kommunen auf den Kopf Das Land Baden-W\u00fcrttemberg und die Stadt Heidelberg gaben heute bekannt, sich \u00fcber die weitere Nutzung des ehemaligen Gef\u00e4ngnisses [&#8230;]<\/p>\n","protected":false},"author":1,"featured_media":0,"comment_status":"open","ping_status":"closed","sticky":false,"template":"","format":"standard","meta":{"footnotes":""},"categories":[536],"tags":[650,1343,1575],"class_list":["post-10734","post","type-post","status-publish","format-standard","hentry","category-sicherheit","tag-fdp-dvp","tag-jochen-haussmann","tag-massregelvollzug"],"_links":{"self":[{"href":"https:\/\/fdp-aktiv.de\/blog\/wp-json\/wp\/v2\/posts\/10734","targetHints":{"allow":["GET"]}}],"collection":[{"href":"https:\/\/fdp-aktiv.de\/blog\/wp-json\/wp\/v2\/posts"}],"about":[{"href":"https:\/\/fdp-aktiv.de\/blog\/wp-json\/wp\/v2\/types\/post"}],"author":[{"embeddable":true,"href":"https:\/\/fdp-aktiv.de\/blog\/wp-json\/wp\/v2\/users\/1"}],"replies":[{"embeddable":true,"href":"https:\/\/fdp-aktiv.de\/blog\/wp-json\/wp\/v2\/comments?post=10734"}],"version-history":[{"count":1,"href":"https:\/\/fdp-aktiv.de\/blog\/wp-json\/wp\/v2\/posts\/10734\/revisions"}],"predecessor-version":[{"id":10735,"href":"https:\/\/fdp-aktiv.de\/blog\/wp-json\/wp\/v2\/posts\/10734\/revisions\/10735"}],"wp:attachment":[{"href":"https:\/\/fdp-aktiv.de\/blog\/wp-json\/wp\/v2\/media?parent=10734"}],"wp:term":[{"taxonomy":"category","embeddable":true,"href":"https:\/\/fdp-aktiv.de\/blog\/wp-json\/wp\/v2\/categories?post=10734"},{"taxonomy":"post_tag","embeddable":true,"href":"https:\/\/fdp-aktiv.de\/blog\/wp-json\/wp\/v2\/tags?post=10734"}],"curies":[{"name":"wp","href":"https:\/\/api.w.org\/{rel}","templated":true}]}}