{"id":10747,"date":"2023-04-26T13:52:39","date_gmt":"2023-04-26T11:52:39","guid":{"rendered":"https:\/\/fdp-aktiv.de\/blog\/?p=10747"},"modified":"2023-04-26T13:52:39","modified_gmt":"2023-04-26T11:52:39","slug":"fischbach-mehr-fairness-und-transparenz-fuer-bayerns-abi-pruefungen","status":"publish","type":"post","link":"https:\/\/fdp-aktiv.de\/blog\/2023\/04\/26\/fischbach-mehr-fairness-und-transparenz-fuer-bayerns-abi-pruefungen\/","title":{"rendered":"FISCHBACH: Mehr Fairness und Transparenz f\u00fcr Bayerns Abi-Pr\u00fcfungen"},"content":{"rendered":"<p>Die FDP-Landtagsfraktion hat heute einen Antrag eingereicht, um den Korrekturprozess f\u00fcr schriftliche Abschlusspr\u00fcfungen in Bayern fairer und transparenter zu gestalten. Dieser sieht vor, Zweitkorrekturen nicht mehr an der gleichen Schule durchzuf\u00fchren, sondern eine digitale, externe Zweitkorrektur zu pr\u00fcfen. Ziel ist es, Unterschiede in der Bewertung von Pr\u00fcfungsleistungen transparenter zu machen und die finale Entscheidung bei abweichenden Bewertungen klarer nachvollziehbar zu gestalten.<\/p>\n<figure id=\"attachment_4142\" aria-describedby=\"caption-attachment-4142\" style=\"width: 800px\" class=\"wp-caption aligncenter\"><a href=\"https:\/\/fdp-aktiv.de\/blog\/wp-content\/uploads\/2022\/01\/Matthias_Fischbach_38854_0-scaled.jpg\"><img loading=\"lazy\" decoding=\"async\" class=\"size-large wp-image-4142\" src=\"https:\/\/fdp-aktiv.de\/blog\/wp-content\/uploads\/2022\/01\/Matthias_Fischbach_38854_0-1024x771.jpg\" alt=\"\" width=\"800\" height=\"602\" srcset=\"https:\/\/fdp-aktiv.de\/blog\/wp-content\/uploads\/2022\/01\/Matthias_Fischbach_38854_0-1024x771.jpg 1024w, https:\/\/fdp-aktiv.de\/blog\/wp-content\/uploads\/2022\/01\/Matthias_Fischbach_38854_0-300x226.jpg 300w, https:\/\/fdp-aktiv.de\/blog\/wp-content\/uploads\/2022\/01\/Matthias_Fischbach_38854_0-768x578.jpg 768w, https:\/\/fdp-aktiv.de\/blog\/wp-content\/uploads\/2022\/01\/Matthias_Fischbach_38854_0-1536x1157.jpg 1536w, https:\/\/fdp-aktiv.de\/blog\/wp-content\/uploads\/2022\/01\/Matthias_Fischbach_38854_0-2048x1542.jpg 2048w\" sizes=\"auto, (max-width: 800px) 100vw, 800px\" \/><\/a><figcaption id=\"caption-attachment-4142\" class=\"wp-caption-text\">Matthias Fischbach<\/figcaption><\/figure>\n<p>Dazu <strong>Matthias Fischbach<\/strong>, bildungspolitischer Sprecher: \u201eFaire und transparente Abschlusspr\u00fcfungen sind bedeutend f\u00fcr die Zukunftschancen jedes Sch\u00fclers und jeder Sch\u00fclerin. Deshalb ist ein m\u00f6glichst sauberes Bewertungsverfahren wichtig. Mit der Digitalisierung er\u00f6ffnen sich neue M\u00f6glichkeiten, den Korrekturprozess effizienter und transparenter zu gestalten. Absolventinnen und Absolventen sollten nachvollziehen k\u00f6nnen, wie ihre Pr\u00fcfungsleistungen bewertet wurden.\u00a0Das st\u00e4rkt das Vertrauen in unsere Abschlusspr\u00fcfungen und ist ein Beitrag zur Qualit\u00e4tssicherung.<\/p>\n<p>Mit der Digitalisierung k\u00f6nnen wir neue Wege gehen und den Korrekturprozess verbessern. In anderen L\u00e4ndern sind externe Zweitkorrekturen bereits \u00fcblich. Wir wollen, dass nun endlich gepr\u00fcft wird, wie in Bayern ein digital gest\u00fctzter Korrekturprozess aussehen k\u00f6nnte. Dabei sollten alle Aspekte in den Blick genommen werden, um ein m\u00f6glichst effizientes Verfahren zu entwickeln.\u201c<\/p>\n<p><strong>Hier finden Sie:<\/strong><\/p>\n<ul>\n<li><a href=\"https:\/\/www1.bayern.landtag.de\/www\/ElanTextAblage_WP18\/Drucksachen\/Basisdrucksachen\/0000017500\/0000017996.pdf\">Dringlichkeitsantrag zum heutigen Plenum<\/a><\/li>\n<\/ul>\n","protected":false},"excerpt":{"rendered":"<p>Die FDP-Landtagsfraktion hat heute einen Antrag eingereicht, um den Korrekturprozess f\u00fcr schriftliche Abschlusspr\u00fcfungen in Bayern fairer und transparenter zu gestalten. Dieser sieht vor, Zweitkorrekturen nicht mehr an der gleichen Schule [&#8230;]<\/p>\n","protected":false},"author":1,"featured_media":0,"comment_status":"open","ping_status":"closed","sticky":false,"template":"","format":"standard","meta":{"footnotes":""},"categories":[34],"tags":[3186,322,160,3318],"class_list":["post-10747","post","type-post","status-publish","format-standard","hentry","category-bildung","tag-abitur","tag-fdp-bayern","tag-matthias-fischbach","tag-pruefungen"],"_links":{"self":[{"href":"https:\/\/fdp-aktiv.de\/blog\/wp-json\/wp\/v2\/posts\/10747","targetHints":{"allow":["GET"]}}],"collection":[{"href":"https:\/\/fdp-aktiv.de\/blog\/wp-json\/wp\/v2\/posts"}],"about":[{"href":"https:\/\/fdp-aktiv.de\/blog\/wp-json\/wp\/v2\/types\/post"}],"author":[{"embeddable":true,"href":"https:\/\/fdp-aktiv.de\/blog\/wp-json\/wp\/v2\/users\/1"}],"replies":[{"embeddable":true,"href":"https:\/\/fdp-aktiv.de\/blog\/wp-json\/wp\/v2\/comments?post=10747"}],"version-history":[{"count":1,"href":"https:\/\/fdp-aktiv.de\/blog\/wp-json\/wp\/v2\/posts\/10747\/revisions"}],"predecessor-version":[{"id":10751,"href":"https:\/\/fdp-aktiv.de\/blog\/wp-json\/wp\/v2\/posts\/10747\/revisions\/10751"}],"wp:attachment":[{"href":"https:\/\/fdp-aktiv.de\/blog\/wp-json\/wp\/v2\/media?parent=10747"}],"wp:term":[{"taxonomy":"category","embeddable":true,"href":"https:\/\/fdp-aktiv.de\/blog\/wp-json\/wp\/v2\/categories?post=10747"},{"taxonomy":"post_tag","embeddable":true,"href":"https:\/\/fdp-aktiv.de\/blog\/wp-json\/wp\/v2\/tags?post=10747"}],"curies":[{"name":"wp","href":"https:\/\/api.w.org\/{rel}","templated":true}]}}