{"id":10748,"date":"2023-04-26T13:53:42","date_gmt":"2023-04-26T11:53:42","guid":{"rendered":"https:\/\/fdp-aktiv.de\/blog\/?p=10748"},"modified":"2023-04-26T13:53:42","modified_gmt":"2023-04-26T11:53:42","slug":"hessen-rock-gruene-eigenwahrnehmung-besteht-realitaetscheck-nicht","status":"publish","type":"post","link":"https:\/\/fdp-aktiv.de\/blog\/2023\/04\/26\/hessen-rock-gruene-eigenwahrnehmung-besteht-realitaetscheck-nicht\/","title":{"rendered":"Hessen &#8211; ROCK: Gr\u00fcne Eigenwahrnehmung besteht Realit\u00e4tscheck nicht"},"content":{"rendered":"<div class=\"clearfix text-formatted field field--name-body field--type-text-with-summary field--label-hidden field__item\">\n<p><strong>Die Fraktion von B\u00dcNDNIS 90\/DIE GR\u00dcNEN hat heute eine Bilanz ihrer Arbeit seit 2014 vorgelegt. Dazu erkl\u00e4rt der Fraktionsvorsitzende der Freien Demokraten im Hessischen Landtag, Ren\u00e9 ROCK:\u00a0<\/strong><\/p>\n<figure id=\"attachment_1137\" aria-describedby=\"caption-attachment-1137\" style=\"width: 800px\" class=\"wp-caption aligncenter\"><a href=\"https:\/\/fdp-aktiv.de\/blog\/wp-content\/uploads\/2021\/04\/Rene_Rock.jpg\"><img loading=\"lazy\" decoding=\"async\" class=\"size-large wp-image-1137\" src=\"https:\/\/fdp-aktiv.de\/blog\/wp-content\/uploads\/2021\/04\/Rene_Rock-1024x684.jpg\" alt=\"Rene Rock\" width=\"800\" height=\"534\" srcset=\"https:\/\/fdp-aktiv.de\/blog\/wp-content\/uploads\/2021\/04\/Rene_Rock-1024x684.jpg 1024w, https:\/\/fdp-aktiv.de\/blog\/wp-content\/uploads\/2021\/04\/Rene_Rock-300x200.jpg 300w, https:\/\/fdp-aktiv.de\/blog\/wp-content\/uploads\/2021\/04\/Rene_Rock-768x513.jpg 768w, https:\/\/fdp-aktiv.de\/blog\/wp-content\/uploads\/2021\/04\/Rene_Rock.jpg 1400w\" sizes=\"auto, (max-width: 800px) 100vw, 800px\" \/><\/a><figcaption id=\"caption-attachment-1137\" class=\"wp-caption-text\">Rene Rock<\/figcaption><\/figure>\n<p>\u201eDie Gr\u00fcnen listen wortreich zahlreiche politische Themen als ihre vermeintlichen Erfolge der vergangenen Jahre auf und versuchen damit, Tarek Al-Wazir als k\u00fcnftigen Ministerpr\u00e4sidenten in Stellung zu bringen. Den Realit\u00e4tscheck besteht die gr\u00fcne Eigenwahrnehmung allerdings nicht. Die B\u00fcrgerinnen und B\u00fcrger f\u00fchlen sich von gr\u00fcnen Ideen zunehmend \u00fcberfordert, und in Umfragen verlieren die Gr\u00fcnen an Zustimmung. Wer auf die Staatskanzlei schielt, sollte die Menschen nicht aus dem Blick verlieren.\u201c<\/p>\n<\/div>\n","protected":false},"excerpt":{"rendered":"<p>Die Fraktion von B\u00dcNDNIS 90\/DIE GR\u00dcNEN hat heute eine Bilanz ihrer Arbeit seit 2014 vorgelegt. Dazu erkl\u00e4rt der Fraktionsvorsitzende der Freien Demokraten im Hessischen Landtag, Ren\u00e9 ROCK:\u00a0 \u201eDie Gr\u00fcnen listen [&#8230;]<\/p>\n","protected":false},"author":1,"featured_media":0,"comment_status":"open","ping_status":"closed","sticky":false,"template":"","format":"standard","meta":{"footnotes":""},"categories":[6],"tags":[635,634],"class_list":["post-10748","post","type-post","status-publish","format-standard","hentry","category-politik","tag-fdp-hessen","tag-rene-rock"],"_links":{"self":[{"href":"https:\/\/fdp-aktiv.de\/blog\/wp-json\/wp\/v2\/posts\/10748","targetHints":{"allow":["GET"]}}],"collection":[{"href":"https:\/\/fdp-aktiv.de\/blog\/wp-json\/wp\/v2\/posts"}],"about":[{"href":"https:\/\/fdp-aktiv.de\/blog\/wp-json\/wp\/v2\/types\/post"}],"author":[{"embeddable":true,"href":"https:\/\/fdp-aktiv.de\/blog\/wp-json\/wp\/v2\/users\/1"}],"replies":[{"embeddable":true,"href":"https:\/\/fdp-aktiv.de\/blog\/wp-json\/wp\/v2\/comments?post=10748"}],"version-history":[{"count":1,"href":"https:\/\/fdp-aktiv.de\/blog\/wp-json\/wp\/v2\/posts\/10748\/revisions"}],"predecessor-version":[{"id":10752,"href":"https:\/\/fdp-aktiv.de\/blog\/wp-json\/wp\/v2\/posts\/10748\/revisions\/10752"}],"wp:attachment":[{"href":"https:\/\/fdp-aktiv.de\/blog\/wp-json\/wp\/v2\/media?parent=10748"}],"wp:term":[{"taxonomy":"category","embeddable":true,"href":"https:\/\/fdp-aktiv.de\/blog\/wp-json\/wp\/v2\/categories?post=10748"},{"taxonomy":"post_tag","embeddable":true,"href":"https:\/\/fdp-aktiv.de\/blog\/wp-json\/wp\/v2\/tags?post=10748"}],"curies":[{"name":"wp","href":"https:\/\/api.w.org\/{rel}","templated":true}]}}