{"id":10749,"date":"2023-04-26T13:55:25","date_gmt":"2023-04-26T11:55:25","guid":{"rendered":"https:\/\/fdp-aktiv.de\/blog\/?p=10749"},"modified":"2023-04-26T13:55:25","modified_gmt":"2023-04-26T11:55:25","slug":"schleswig-holstein-heiner-garg-krankenhaeuser-brauchen-eine-vollstaendige-refinanzierung-fuer-den-tarifabschluss-im-oeffentlichen-dienst","status":"publish","type":"post","link":"https:\/\/fdp-aktiv.de\/blog\/2023\/04\/26\/schleswig-holstein-heiner-garg-krankenhaeuser-brauchen-eine-vollstaendige-refinanzierung-fuer-den-tarifabschluss-im-oeffentlichen-dienst\/","title":{"rendered":"Schleswig-Holstein &#8211; Heiner Garg: Krankenh\u00e4user brauchen eine vollst\u00e4ndige Refinanzierung f\u00fcr den Tarifabschluss im \u00f6ffentlichen Dienst!"},"content":{"rendered":"<div class=\"clearfix text-formatted field field--name-body field--type-text-with-summary field--label-hidden field__item\">\n<p>Anl\u00e4sslich der Mitteilung der Krankenhausgesellschaft Schleswig-Holstein zur massiven Kostenbelastung der Kliniken aufgrund der erzielten Einigung \u00fcber einen neuen Tarifvertrag f\u00fcr die Besch\u00e4ftigten des \u00f6ffentlichen Dienstes erkl\u00e4rt der gesundheitspolitische Sprecher der FDP-Landtagsfraktion, <strong>Heiner Garg<\/strong>:<\/p>\n<figure id=\"attachment_6015\" aria-describedby=\"caption-attachment-6015\" style=\"width: 700px\" class=\"wp-caption aligncenter\"><a href=\"https:\/\/fdp-aktiv.de\/blog\/wp-content\/uploads\/2022\/07\/Heiner-Garg_Web.png\"><img loading=\"lazy\" decoding=\"async\" class=\"size-full wp-image-6015\" src=\"https:\/\/fdp-aktiv.de\/blog\/wp-content\/uploads\/2022\/07\/Heiner-Garg_Web.png\" alt=\"Heiner Garg\" width=\"700\" height=\"395\" srcset=\"https:\/\/fdp-aktiv.de\/blog\/wp-content\/uploads\/2022\/07\/Heiner-Garg_Web.png 700w, https:\/\/fdp-aktiv.de\/blog\/wp-content\/uploads\/2022\/07\/Heiner-Garg_Web-300x169.png 300w\" sizes=\"auto, (max-width: 700px) 100vw, 700px\" \/><\/a><figcaption id=\"caption-attachment-6015\" class=\"wp-caption-text\">Heiner Garg<\/figcaption><\/figure>\n<p>\u201eDie Einigung zum Tarifabschluss im \u00f6ffentlichen Dienst begr\u00fc\u00dfe ich auch und gerade im Hinblick auf die Besch\u00e4ftigten im Gesundheits- und Pflegebereich ausdr\u00fccklich.\u00a0Die Krankenh\u00e4user sind allerdings durch diesen Tarifabschluss mit erheblich gestiegenen Personalkosten konfrontiert und stehen unter Druck, weil die Leistungen der Krankenh\u00e4user \u00fcber das System der Fallpauschalen verg\u00fctet werden. Das hei\u00dft, die Krankenh\u00e4user k\u00f6nnen nicht einfach mal so die Preise erh\u00f6hen. Es ist daher richtig und notwendig, dass die Krankenhausgesellschaft Schleswig-Holstein auf die massive Kostenbelastung hinweist. Karl Lauterbach und Nancy Faeser stehen nun in der Verantwortung, zeitnah f\u00fcr die notwendige und vollst\u00e4ndige Refinanzierung f\u00fcr den Tarifabschluss zu sorgen. Nur so k\u00f6nnen der Stellenabbau von wichtigen Fachkr\u00e4ften und unn\u00f6tige Insolvenzen von Krankenh\u00e4usern vermieden werden.\u201c<\/p>\n<\/div>\n","protected":false},"excerpt":{"rendered":"<p>Anl\u00e4sslich der Mitteilung der Krankenhausgesellschaft Schleswig-Holstein zur massiven Kostenbelastung der Kliniken aufgrund der erzielten Einigung \u00fcber einen neuen Tarifvertrag f\u00fcr die Besch\u00e4ftigten des \u00f6ffentlichen Dienstes erkl\u00e4rt der gesundheitspolitische Sprecher der [&#8230;]<\/p>\n","protected":false},"author":1,"featured_media":0,"comment_status":"open","ping_status":"closed","sticky":false,"template":"","format":"standard","meta":{"footnotes":""},"categories":[55,123],"tags":[814,296,1446,2971,3319],"class_list":["post-10749","post","type-post","status-publish","format-standard","hentry","category-finanzen","category-gesundheit","tag-fdp-lsh","tag-heiner-garg","tag-krankenhaus","tag-krankenhausfinanzierung","tag-tarifabschluss"],"_links":{"self":[{"href":"https:\/\/fdp-aktiv.de\/blog\/wp-json\/wp\/v2\/posts\/10749","targetHints":{"allow":["GET"]}}],"collection":[{"href":"https:\/\/fdp-aktiv.de\/blog\/wp-json\/wp\/v2\/posts"}],"about":[{"href":"https:\/\/fdp-aktiv.de\/blog\/wp-json\/wp\/v2\/types\/post"}],"author":[{"embeddable":true,"href":"https:\/\/fdp-aktiv.de\/blog\/wp-json\/wp\/v2\/users\/1"}],"replies":[{"embeddable":true,"href":"https:\/\/fdp-aktiv.de\/blog\/wp-json\/wp\/v2\/comments?post=10749"}],"version-history":[{"count":1,"href":"https:\/\/fdp-aktiv.de\/blog\/wp-json\/wp\/v2\/posts\/10749\/revisions"}],"predecessor-version":[{"id":10753,"href":"https:\/\/fdp-aktiv.de\/blog\/wp-json\/wp\/v2\/posts\/10749\/revisions\/10753"}],"wp:attachment":[{"href":"https:\/\/fdp-aktiv.de\/blog\/wp-json\/wp\/v2\/media?parent=10749"}],"wp:term":[{"taxonomy":"category","embeddable":true,"href":"https:\/\/fdp-aktiv.de\/blog\/wp-json\/wp\/v2\/categories?post=10749"},{"taxonomy":"post_tag","embeddable":true,"href":"https:\/\/fdp-aktiv.de\/blog\/wp-json\/wp\/v2\/tags?post=10749"}],"curies":[{"name":"wp","href":"https:\/\/api.w.org\/{rel}","templated":true}]}}