{"id":10774,"date":"2023-04-28T05:34:21","date_gmt":"2023-04-28T03:34:21","guid":{"rendered":"https:\/\/fdp-aktiv.de\/blog\/?p=10774"},"modified":"2023-04-28T05:34:21","modified_gmt":"2023-04-28T03:34:21","slug":"berlin-christoph-meyer-mdb-landesvorsitzender-der-fdp-berlin-zur-heutigen-bekanntgabe-dass-franziska-giffey-im-senat-von-kai-wegner-senatorin-fuer-wirtschaft-energie-und-betriebe-werden-soll","status":"publish","type":"post","link":"https:\/\/fdp-aktiv.de\/blog\/2023\/04\/28\/berlin-christoph-meyer-mdb-landesvorsitzender-der-fdp-berlin-zur-heutigen-bekanntgabe-dass-franziska-giffey-im-senat-von-kai-wegner-senatorin-fuer-wirtschaft-energie-und-betriebe-werden-soll\/","title":{"rendered":"BERLIN. Christoph Meyer MdB, Landesvorsitzender der FDP Berlin, zur heutigen Bekanntgabe, dass Franziska Giffey im Senat von Kai Wegner Senatorin f\u00fcr Wirtschaft, Energie und Betriebe werden soll:"},"content":{"rendered":"<figure id=\"attachment_5300\" aria-describedby=\"caption-attachment-5300\" style=\"width: 683px\" class=\"wp-caption aligncenter\"><a href=\"https:\/\/fdp-aktiv.de\/blog\/wp-content\/uploads\/2022\/04\/Christoph_Meyer_FDP-scaled.jpg\"><img loading=\"lazy\" decoding=\"async\" class=\"size-large wp-image-5300\" src=\"https:\/\/fdp-aktiv.de\/blog\/wp-content\/uploads\/2022\/04\/Christoph_Meyer_FDP-683x1024.jpg\" alt=\"\" width=\"683\" height=\"1024\" srcset=\"https:\/\/fdp-aktiv.de\/blog\/wp-content\/uploads\/2022\/04\/Christoph_Meyer_FDP-683x1024.jpg 683w, https:\/\/fdp-aktiv.de\/blog\/wp-content\/uploads\/2022\/04\/Christoph_Meyer_FDP-200x300.jpg 200w, https:\/\/fdp-aktiv.de\/blog\/wp-content\/uploads\/2022\/04\/Christoph_Meyer_FDP-768x1152.jpg 768w, https:\/\/fdp-aktiv.de\/blog\/wp-content\/uploads\/2022\/04\/Christoph_Meyer_FDP-1024x1536.jpg 1024w, https:\/\/fdp-aktiv.de\/blog\/wp-content\/uploads\/2022\/04\/Christoph_Meyer_FDP-1365x2048.jpg 1365w, https:\/\/fdp-aktiv.de\/blog\/wp-content\/uploads\/2022\/04\/Christoph_Meyer_FDP-scaled.jpg 1707w\" sizes=\"auto, (max-width: 683px) 100vw, 683px\" \/><\/a><figcaption id=\"caption-attachment-5300\" class=\"wp-caption-text\">Christoph Mayer, FDP<\/figcaption><\/figure>\n<p>\u201eBerlin braucht bis 2030 200.000 neue Wohnungen, um den hohen Bedarf an Wohnraum zu decken. Darum machte Franziska Giffey &#8220;Bauen und Wohnen&#8221; 2022 noch zur Chefinnensache. Mit der \u00dcbernahme des Wirtschaftsressorts stiehlt sie sich nun aber aus der Verantwortung. Es ist ein weiteres Eingest\u00e4ndnis ihres ganz pers\u00f6nlichen Versagens. Damit best\u00e4tigt Giffey, dass sie nicht in der Lage ist, das dr\u00e4ngendste Problem unserer Stadt zu l\u00f6sen. Es ist ein Armutszeugnis, dass die noch Regierende B\u00fcrgermeisterin eines der m\u00e4chtigsten Ressorts Berlins aus den H\u00e4nden gibt und somit den Berliner Wohnungsmarkt tiefer ins Chaos st\u00fcrzt. Mit dieser Entscheidung ist leider nur eines in Berlin Chefinnensache: das &#8220;Weiter-so&#8221; f\u00fcr die Hauptstadt.&#8221;<\/p>\n","protected":false},"excerpt":{"rendered":"<p>\u201eBerlin braucht bis 2030 200.000 neue Wohnungen, um den hohen Bedarf an Wohnraum zu decken. Darum machte Franziska Giffey &#8220;Bauen und Wohnen&#8221; 2022 noch zur Chefinnensache. Mit der \u00dcbernahme des [&#8230;]<\/p>\n","protected":false},"author":1,"featured_media":0,"comment_status":"open","ping_status":"closed","sticky":false,"template":"","format":"standard","meta":{"footnotes":""},"categories":[6],"tags":[2322,706,1854],"class_list":["post-10774","post","type-post","status-publish","format-standard","hentry","category-politik","tag-christoph-meyer","tag-fdp-berlin","tag-franziska-giffey"],"_links":{"self":[{"href":"https:\/\/fdp-aktiv.de\/blog\/wp-json\/wp\/v2\/posts\/10774","targetHints":{"allow":["GET"]}}],"collection":[{"href":"https:\/\/fdp-aktiv.de\/blog\/wp-json\/wp\/v2\/posts"}],"about":[{"href":"https:\/\/fdp-aktiv.de\/blog\/wp-json\/wp\/v2\/types\/post"}],"author":[{"embeddable":true,"href":"https:\/\/fdp-aktiv.de\/blog\/wp-json\/wp\/v2\/users\/1"}],"replies":[{"embeddable":true,"href":"https:\/\/fdp-aktiv.de\/blog\/wp-json\/wp\/v2\/comments?post=10774"}],"version-history":[{"count":1,"href":"https:\/\/fdp-aktiv.de\/blog\/wp-json\/wp\/v2\/posts\/10774\/revisions"}],"predecessor-version":[{"id":10775,"href":"https:\/\/fdp-aktiv.de\/blog\/wp-json\/wp\/v2\/posts\/10774\/revisions\/10775"}],"wp:attachment":[{"href":"https:\/\/fdp-aktiv.de\/blog\/wp-json\/wp\/v2\/media?parent=10774"}],"wp:term":[{"taxonomy":"category","embeddable":true,"href":"https:\/\/fdp-aktiv.de\/blog\/wp-json\/wp\/v2\/categories?post=10774"},{"taxonomy":"post_tag","embeddable":true,"href":"https:\/\/fdp-aktiv.de\/blog\/wp-json\/wp\/v2\/tags?post=10774"}],"curies":[{"name":"wp","href":"https:\/\/api.w.org\/{rel}","templated":true}]}}