{"id":10776,"date":"2023-04-28T05:35:32","date_gmt":"2023-04-28T03:35:32","guid":{"rendered":"https:\/\/fdp-aktiv.de\/blog\/?p=10776"},"modified":"2023-04-28T05:36:37","modified_gmt":"2023-04-28T03:36:37","slug":"schleswig-holstein-annabell-kraemer-landesregierung-muss-zuegig-ein-klares-ja-zum-beschleunigten-a23-ausbau-abgeben","status":"publish","type":"post","link":"https:\/\/fdp-aktiv.de\/blog\/2023\/04\/28\/schleswig-holstein-annabell-kraemer-landesregierung-muss-zuegig-ein-klares-ja-zum-beschleunigten-a23-ausbau-abgeben\/","title":{"rendered":"Schleswig-Holstein &#8211; Annabell Kr\u00e4mer: Landesregierung muss z\u00fcgig ein klares Ja zum beschleunigten A23-Ausbau abgeben"},"content":{"rendered":"<div class=\"clearfix text-formatted field field--name-body field--type-text-with-summary field--label-hidden field__item\">\n<p>Zum noch ausstehenden Bekenntnis der Landesregierung, ob sie den vom Bund vorgeschlagenen beschleunigten Ausbau der A23 unterst\u00fctzt, erkl\u00e4rt die stellvertretene Vorsitzende und Pinneberger Abgeordnete, <strong>Annabell Kr\u00e4mer<\/strong>:<\/p>\n<figure id=\"attachment_2679\" aria-describedby=\"caption-attachment-2679\" style=\"width: 800px\" class=\"wp-caption aligncenter\"><a href=\"https:\/\/fdp-aktiv.de\/blog\/wp-content\/uploads\/2021\/09\/20200814-reh-2714-Kopie.jpg\"><img loading=\"lazy\" decoding=\"async\" class=\"size-large wp-image-2679\" src=\"https:\/\/fdp-aktiv.de\/blog\/wp-content\/uploads\/2021\/09\/20200814-reh-2714-Kopie-1024x903.jpg\" alt=\"Annabell Kr\u00e4mer\" width=\"800\" height=\"705\" srcset=\"https:\/\/fdp-aktiv.de\/blog\/wp-content\/uploads\/2021\/09\/20200814-reh-2714-Kopie-1024x903.jpg 1024w, https:\/\/fdp-aktiv.de\/blog\/wp-content\/uploads\/2021\/09\/20200814-reh-2714-Kopie-300x265.jpg 300w, https:\/\/fdp-aktiv.de\/blog\/wp-content\/uploads\/2021\/09\/20200814-reh-2714-Kopie-768x677.jpg 768w, https:\/\/fdp-aktiv.de\/blog\/wp-content\/uploads\/2021\/09\/20200814-reh-2714-Kopie-1536x1354.jpg 1536w, https:\/\/fdp-aktiv.de\/blog\/wp-content\/uploads\/2021\/09\/20200814-reh-2714-Kopie-2048x1806.jpg 2048w\" sizes=\"auto, (max-width: 800px) 100vw, 800px\" \/><\/a><figcaption id=\"caption-attachment-2679\" class=\"wp-caption-text\">Annabell Kr\u00e4mer<\/figcaption><\/figure>\n<p>\u201eCDU und Gr\u00fcne m\u00fcssen dringend Farbe bekennen, wie sie zum Ausbau der A23 stehen. Alles andere als ein klares Ja zum von der Bundesregierung vorgeschlagenen beschleunigten Ausbau w\u00e4re f\u00fcr Schleswig-Holstein fatal. Die A23 ist eine der wichtigsten Pendlerstrecken des Landes. Tagt\u00e4glich stehen tausende Menschen im Stau. Deshalb ist es richtig, dass der Bund diese Autobahn besonders beschleunigt ausbauen m\u00f6chte. Es gibt keinen vern\u00fcnftigen Grund, diese wichtige Entscheidung bis Freitag vor sich herzuschieben.<\/p>\n<p>Ich bin gespannt, ob sich Daniel G\u00fcnther und seine CDU diesmal gegen ihre gr\u00fcnen Partner durchsetzen k\u00f6nnen. Bei der A20 macht die Gr\u00fcne Jugend ja schon wieder massiv Stimmung gegen die Landesregierung.\u201c<\/p>\n<\/div>\n","protected":false},"excerpt":{"rendered":"<p>Zum noch ausstehenden Bekenntnis der Landesregierung, ob sie den vom Bund vorgeschlagenen beschleunigten Ausbau der A23 unterst\u00fctzt, erkl\u00e4rt die stellvertretene Vorsitzende und Pinneberger Abgeordnete, Annabell Kr\u00e4mer: \u201eCDU und Gr\u00fcne m\u00fcssen [&#8230;]<\/p>\n","protected":false},"author":1,"featured_media":0,"comment_status":"open","ping_status":"closed","sticky":false,"template":"","format":"standard","meta":{"footnotes":""},"categories":[144],"tags":[3322,1534,814],"class_list":["post-10776","post","type-post","status-publish","format-standard","hentry","category-verkehr-innenpolitik","tag-a23","tag-annabell-kraemer","tag-fdp-lsh"],"_links":{"self":[{"href":"https:\/\/fdp-aktiv.de\/blog\/wp-json\/wp\/v2\/posts\/10776","targetHints":{"allow":["GET"]}}],"collection":[{"href":"https:\/\/fdp-aktiv.de\/blog\/wp-json\/wp\/v2\/posts"}],"about":[{"href":"https:\/\/fdp-aktiv.de\/blog\/wp-json\/wp\/v2\/types\/post"}],"author":[{"embeddable":true,"href":"https:\/\/fdp-aktiv.de\/blog\/wp-json\/wp\/v2\/users\/1"}],"replies":[{"embeddable":true,"href":"https:\/\/fdp-aktiv.de\/blog\/wp-json\/wp\/v2\/comments?post=10776"}],"version-history":[{"count":1,"href":"https:\/\/fdp-aktiv.de\/blog\/wp-json\/wp\/v2\/posts\/10776\/revisions"}],"predecessor-version":[{"id":10780,"href":"https:\/\/fdp-aktiv.de\/blog\/wp-json\/wp\/v2\/posts\/10776\/revisions\/10780"}],"wp:attachment":[{"href":"https:\/\/fdp-aktiv.de\/blog\/wp-json\/wp\/v2\/media?parent=10776"}],"wp:term":[{"taxonomy":"category","embeddable":true,"href":"https:\/\/fdp-aktiv.de\/blog\/wp-json\/wp\/v2\/categories?post=10776"},{"taxonomy":"post_tag","embeddable":true,"href":"https:\/\/fdp-aktiv.de\/blog\/wp-json\/wp\/v2\/tags?post=10776"}],"curies":[{"name":"wp","href":"https:\/\/api.w.org\/{rel}","templated":true}]}}