{"id":10777,"date":"2023-04-28T05:36:32","date_gmt":"2023-04-28T03:36:32","guid":{"rendered":"https:\/\/fdp-aktiv.de\/blog\/?p=10777"},"modified":"2023-04-28T05:36:32","modified_gmt":"2023-04-28T03:36:32","slug":"bayern-nach-expertenanhoerung-zum-verfassungsschutzgesetz-muthmann-fordert-staatsregierung-auf-ihren-entwurf-zurueckzuziehen","status":"publish","type":"post","link":"https:\/\/fdp-aktiv.de\/blog\/2023\/04\/28\/bayern-nach-expertenanhoerung-zum-verfassungsschutzgesetz-muthmann-fordert-staatsregierung-auf-ihren-entwurf-zurueckzuziehen\/","title":{"rendered":"Bayern &#8211; Nach Expertenanh\u00f6rung zum Verfassungsschutzgesetz: MUTHMANN fordert Staatsregierung auf, ihren Entwurf zur\u00fcckzuziehen"},"content":{"rendered":"<p>Bei der gestrigen Anh\u00f6rung im Innenausschuss des Bayerischen Landtags wurden vonseiten der Expertinnen und Experten deutliche Zweifel daran ge\u00e4u\u00dfert, dass der Entwurf des Innenministeriums zur \u00c4nderung des bayerischen Verfassungsschutzgesetzes verfassungskonform und praxistauglich ist. Daher fordert die FDP-Fraktion die Staatsregierung mit ihrem heutigen Dringlichkeitsantrag dazu auf, den Gesetzentwurf zur\u00fcckzuziehen und einen neuen auszuarbeiten.<\/p>\n<figure id=\"attachment_9743\" aria-describedby=\"caption-attachment-9743\" style=\"width: 800px\" class=\"wp-caption aligncenter\"><a href=\"https:\/\/fdp-aktiv.de\/blog\/wp-content\/uploads\/2023\/02\/Alexander_Muthmann_38377_0-scaled.jpg\"><img loading=\"lazy\" decoding=\"async\" class=\"size-large wp-image-9743\" src=\"https:\/\/fdp-aktiv.de\/blog\/wp-content\/uploads\/2023\/02\/Alexander_Muthmann_38377_0-1024x768.jpg\" alt=\"Alexander Muthmann\" width=\"800\" height=\"600\" srcset=\"https:\/\/fdp-aktiv.de\/blog\/wp-content\/uploads\/2023\/02\/Alexander_Muthmann_38377_0-1024x768.jpg 1024w, https:\/\/fdp-aktiv.de\/blog\/wp-content\/uploads\/2023\/02\/Alexander_Muthmann_38377_0-300x225.jpg 300w, https:\/\/fdp-aktiv.de\/blog\/wp-content\/uploads\/2023\/02\/Alexander_Muthmann_38377_0-768x576.jpg 768w, https:\/\/fdp-aktiv.de\/blog\/wp-content\/uploads\/2023\/02\/Alexander_Muthmann_38377_0-1536x1152.jpg 1536w, https:\/\/fdp-aktiv.de\/blog\/wp-content\/uploads\/2023\/02\/Alexander_Muthmann_38377_0-2048x1536.jpg 2048w\" sizes=\"auto, (max-width: 800px) 100vw, 800px\" \/><\/a><figcaption id=\"caption-attachment-9743\" class=\"wp-caption-text\">Alexander Muthmann<\/figcaption><\/figure>\n<p>Dazu der stellvertretende Vorsitzende der FDP-Landtagsfraktion und innenpolitische Sprecher <strong>Alexander Muthmann<\/strong>: \u201eDie Expertenanh\u00f6rung hat ganz deutlich gezeigt, dass der von der Staatsregierung vorgelegte Gesetzentwurf erhebliche M\u00e4ngel aufweist. Unter anderem haben die Sachverst\u00e4ndigen ausgef\u00fchrt, dass er einer verfassungsgerichtlichen Kontrolle erneut nicht standhalten w\u00fcrde und auch mit Blick auf die Praxistauglichkeit nicht \u00fcberzeugt. Statt weiter an diesem Gesetzentwurf herumzudoktern, w\u00e4re es das Beste, wenn die Staatsregierung ihn einfach zur\u00fcckzieht und einen neuen, verfassungsrechtlich stabilen und praxistauglichen Entwurf erarbeitet.\u201c<\/p>\n","protected":false},"excerpt":{"rendered":"<p>Bei der gestrigen Anh\u00f6rung im Innenausschuss des Bayerischen Landtags wurden vonseiten der Expertinnen und Experten deutliche Zweifel daran ge\u00e4u\u00dfert, dass der Entwurf des Innenministeriums zur \u00c4nderung des bayerischen Verfassungsschutzgesetzes verfassungskonform [&#8230;]<\/p>\n","protected":false},"author":1,"featured_media":0,"comment_status":"open","ping_status":"closed","sticky":false,"template":"","format":"standard","meta":{"footnotes":""},"categories":[536],"tags":[1983,322,1036],"class_list":["post-10777","post","type-post","status-publish","format-standard","hentry","category-sicherheit","tag-alexander-muthmann","tag-fdp-bayern","tag-verfassungsschutz"],"_links":{"self":[{"href":"https:\/\/fdp-aktiv.de\/blog\/wp-json\/wp\/v2\/posts\/10777","targetHints":{"allow":["GET"]}}],"collection":[{"href":"https:\/\/fdp-aktiv.de\/blog\/wp-json\/wp\/v2\/posts"}],"about":[{"href":"https:\/\/fdp-aktiv.de\/blog\/wp-json\/wp\/v2\/types\/post"}],"author":[{"embeddable":true,"href":"https:\/\/fdp-aktiv.de\/blog\/wp-json\/wp\/v2\/users\/1"}],"replies":[{"embeddable":true,"href":"https:\/\/fdp-aktiv.de\/blog\/wp-json\/wp\/v2\/comments?post=10777"}],"version-history":[{"count":1,"href":"https:\/\/fdp-aktiv.de\/blog\/wp-json\/wp\/v2\/posts\/10777\/revisions"}],"predecessor-version":[{"id":10781,"href":"https:\/\/fdp-aktiv.de\/blog\/wp-json\/wp\/v2\/posts\/10777\/revisions\/10781"}],"wp:attachment":[{"href":"https:\/\/fdp-aktiv.de\/blog\/wp-json\/wp\/v2\/media?parent=10777"}],"wp:term":[{"taxonomy":"category","embeddable":true,"href":"https:\/\/fdp-aktiv.de\/blog\/wp-json\/wp\/v2\/categories?post=10777"},{"taxonomy":"post_tag","embeddable":true,"href":"https:\/\/fdp-aktiv.de\/blog\/wp-json\/wp\/v2\/tags?post=10777"}],"curies":[{"name":"wp","href":"https:\/\/api.w.org\/{rel}","templated":true}]}}