{"id":10778,"date":"2023-04-28T05:37:47","date_gmt":"2023-04-28T03:37:47","guid":{"rendered":"https:\/\/fdp-aktiv.de\/blog\/?p=10778"},"modified":"2023-04-28T05:37:47","modified_gmt":"2023-04-28T03:37:47","slug":"dr-naas-wirtschaftsstandort-hessen-faellt-durch-viessmann-verkauf-zurueck","status":"publish","type":"post","link":"https:\/\/fdp-aktiv.de\/blog\/2023\/04\/28\/dr-naas-wirtschaftsstandort-hessen-faellt-durch-viessmann-verkauf-zurueck\/","title":{"rendered":"DR. NAAS: Wirtschaftsstandort Hessen f\u00e4llt durch Viessmann-Verkauf zur\u00fcck"},"content":{"rendered":"<ul>\n<li><strong>Spitzentechnologie wandert aus Hessen ab<\/strong><\/li>\n<li><strong>Wirtschaftsminister m\u00fcssen Produktionsstandort st\u00e4rken<\/strong><\/li>\n<\/ul>\n<p>&nbsp;<\/p>\n<p>Das nordhessische Familienunternehmen Viessmann hat angek\u00fcndigt, seine Klimasparte an das US-Unternehmen Carrier Global zu verkaufen. Dazu erkl\u00e4rt der Spitzendkandidat der FDP Hessen f\u00fcr die Landtagswahl im Herbst und wirtschaftspolitische Sprecher der Freien Demokraten im Hessischen Landtag, Dr. Stefan NAAS:<\/p>\n<figure id=\"attachment_3190\" aria-describedby=\"caption-attachment-3190\" style=\"width: 800px\" class=\"wp-caption aligncenter\"><a href=\"https:\/\/fdp-aktiv.de\/blog\/wp-content\/uploads\/2021\/11\/2019.02.26_FDP_Dr.StefanNaas-1.jpg\"><img loading=\"lazy\" decoding=\"async\" class=\"size-large wp-image-3190\" src=\"https:\/\/fdp-aktiv.de\/blog\/wp-content\/uploads\/2021\/11\/2019.02.26_FDP_Dr.StefanNaas-1-1024x684.jpg\" alt=\"\" width=\"800\" height=\"534\" srcset=\"https:\/\/fdp-aktiv.de\/blog\/wp-content\/uploads\/2021\/11\/2019.02.26_FDP_Dr.StefanNaas-1-1024x684.jpg 1024w, https:\/\/fdp-aktiv.de\/blog\/wp-content\/uploads\/2021\/11\/2019.02.26_FDP_Dr.StefanNaas-1-300x200.jpg 300w, https:\/\/fdp-aktiv.de\/blog\/wp-content\/uploads\/2021\/11\/2019.02.26_FDP_Dr.StefanNaas-1-768x513.jpg 768w, https:\/\/fdp-aktiv.de\/blog\/wp-content\/uploads\/2021\/11\/2019.02.26_FDP_Dr.StefanNaas-1-1536x1025.jpg 1536w, https:\/\/fdp-aktiv.de\/blog\/wp-content\/uploads\/2021\/11\/2019.02.26_FDP_Dr.StefanNaas-1.jpg 2048w\" sizes=\"auto, (max-width: 800px) 100vw, 800px\" \/><\/a><figcaption id=\"caption-attachment-3190\" class=\"wp-caption-text\">Dr. Stefan Naas<\/figcaption><\/figure>\n<p>&nbsp;<\/p>\n<p>\u201eDie Entscheidung des Unternehmens Viessmann, seine Klimasparte zu verkaufen, resultiert letztlich daraus, dass au\u00dferhalb Deutschlands ein schnelleres Wachstum m\u00f6glich ist. Damit wandert Spitzentechnologie aus Deutschland und Hessen ab, und der Wirtschaftsstandort f\u00e4llt um Jahre zur\u00fcck. Das muss ein Alarmzeichen sein. Die Wirtschaftsminister in Bund und Land sollten die St\u00e4rkung des Produktionsstandorts Deutschland in den Mittelpunkt ihrer Arbeit stellen, um im konkreten Fall eine drohende Abwanderung der Heizungsindustrie zu verhindern, die Branchenkenner bereits bef\u00fcrchten. Wenn hierzulande nicht mehr produziert werden kann und wir von chinesischen W\u00e4rmepumpen abh\u00e4ngig werden, ist nichts gewonnen.\u201c<\/p>\n","protected":false},"excerpt":{"rendered":"<p>Spitzentechnologie wandert aus Hessen ab Wirtschaftsminister m\u00fcssen Produktionsstandort st\u00e4rken &nbsp; Das nordhessische Familienunternehmen Viessmann hat angek\u00fcndigt, seine Klimasparte an das US-Unternehmen Carrier Global zu verkaufen. Dazu erkl\u00e4rt der Spitzendkandidat der [&#8230;]<\/p>\n","protected":false},"author":1,"featured_media":0,"comment_status":"open","ping_status":"closed","sticky":false,"template":"","format":"standard","meta":{"footnotes":""},"categories":[8],"tags":[1302,635,3323],"class_list":["post-10778","post","type-post","status-publish","format-standard","hentry","category-wirtschaft","tag-dr-stefan-naas","tag-fdp-hessen","tag-viessmann"],"_links":{"self":[{"href":"https:\/\/fdp-aktiv.de\/blog\/wp-json\/wp\/v2\/posts\/10778","targetHints":{"allow":["GET"]}}],"collection":[{"href":"https:\/\/fdp-aktiv.de\/blog\/wp-json\/wp\/v2\/posts"}],"about":[{"href":"https:\/\/fdp-aktiv.de\/blog\/wp-json\/wp\/v2\/types\/post"}],"author":[{"embeddable":true,"href":"https:\/\/fdp-aktiv.de\/blog\/wp-json\/wp\/v2\/users\/1"}],"replies":[{"embeddable":true,"href":"https:\/\/fdp-aktiv.de\/blog\/wp-json\/wp\/v2\/comments?post=10778"}],"version-history":[{"count":1,"href":"https:\/\/fdp-aktiv.de\/blog\/wp-json\/wp\/v2\/posts\/10778\/revisions"}],"predecessor-version":[{"id":10782,"href":"https:\/\/fdp-aktiv.de\/blog\/wp-json\/wp\/v2\/posts\/10778\/revisions\/10782"}],"wp:attachment":[{"href":"https:\/\/fdp-aktiv.de\/blog\/wp-json\/wp\/v2\/media?parent=10778"}],"wp:term":[{"taxonomy":"category","embeddable":true,"href":"https:\/\/fdp-aktiv.de\/blog\/wp-json\/wp\/v2\/categories?post=10778"},{"taxonomy":"post_tag","embeddable":true,"href":"https:\/\/fdp-aktiv.de\/blog\/wp-json\/wp\/v2\/tags?post=10778"}],"curies":[{"name":"wp","href":"https:\/\/api.w.org\/{rel}","templated":true}]}}