{"id":10784,"date":"2023-04-28T05:42:18","date_gmt":"2023-04-28T03:42:18","guid":{"rendered":"https:\/\/fdp-aktiv.de\/blog\/?p=10784"},"modified":"2023-04-28T05:42:18","modified_gmt":"2023-04-28T03:42:18","slug":"baden-wuerttemberg-scheerer-cdu-uebernimmt-beim-thema-regelmaessige-bundeswehr-schulbesuche-impuls-der-freien-demokraten","status":"publish","type":"post","link":"https:\/\/fdp-aktiv.de\/blog\/2023\/04\/28\/baden-wuerttemberg-scheerer-cdu-uebernimmt-beim-thema-regelmaessige-bundeswehr-schulbesuche-impuls-der-freien-demokraten\/","title":{"rendered":"Baden-W\u00fcrttemberg &#8211; Scheerer: CDU \u00fcbernimmt beim Thema regelm\u00e4\u00dfige Bundeswehr-Schulbesuche Impuls der Freien Demokraten"},"content":{"rendered":"<p>Jetzt muss sich die CDU nur noch beim gr\u00fcnen Koalitionspartner durchsetzen, ansonsten w\u00e4ren die warmen Worte nichts als leere Worth\u00fclsen \u2013 Jugendoffiziere m\u00fcssen mehr wertgesch\u00e4tzt werden<\/p>\n<p>Zur Meldung, dass die Landtags-CDU regelm\u00e4\u00dfige Schulbesuche der Bundeswehr fordert, sagt der Sprecher f\u00fcr Angelegenheiten der Bundeswehr der FDP\/DVP-Fraktion, <strong>Hans Dieter Scheerer<\/strong>:<\/p>\n<figure id=\"attachment_4401\" aria-describedby=\"caption-attachment-4401\" style=\"width: 800px\" class=\"wp-caption aligncenter\"><a href=\"https:\/\/fdp-aktiv.de\/blog\/wp-content\/uploads\/2022\/02\/web_scheerer_1198_final.jpg\"><img loading=\"lazy\" decoding=\"async\" class=\"size-large wp-image-4401\" src=\"https:\/\/fdp-aktiv.de\/blog\/wp-content\/uploads\/2022\/02\/web_scheerer_1198_final-1024x682.jpg\" alt=\"\" width=\"800\" height=\"533\" srcset=\"https:\/\/fdp-aktiv.de\/blog\/wp-content\/uploads\/2022\/02\/web_scheerer_1198_final-1024x682.jpg 1024w, https:\/\/fdp-aktiv.de\/blog\/wp-content\/uploads\/2022\/02\/web_scheerer_1198_final-300x200.jpg 300w, https:\/\/fdp-aktiv.de\/blog\/wp-content\/uploads\/2022\/02\/web_scheerer_1198_final-768x512.jpg 768w, https:\/\/fdp-aktiv.de\/blog\/wp-content\/uploads\/2022\/02\/web_scheerer_1198_final-1536x1024.jpg 1536w, https:\/\/fdp-aktiv.de\/blog\/wp-content\/uploads\/2022\/02\/web_scheerer_1198_final.jpg 2000w\" sizes=\"auto, (max-width: 800px) 100vw, 800px\" \/><\/a><figcaption id=\"caption-attachment-4401\" class=\"wp-caption-text\">Hans Dieter Scheerer<\/figcaption><\/figure>\n<p>\u201eMan muss endlich die Arbeit der Jugendoffiziere \u2013 auch nach au\u00dfen hin \u2013 wertsch\u00e4tzen und daf\u00fcr sorgen, dass an den Schulen selbst endlich Vorurteile abgebaut werden. Gerade im Zuge des russischen Angriffskriegs ist es essentiell, dass Sch\u00fclerinnen und Sch\u00fcler sich in grundlegenden sicherheits- und verteidigungspolitischen Themen auskennen und so Desinformationen vorgebeugt werden kann. Noch immer jedoch sind an vielen Schulen die T\u00fcren f\u00fcr Jugendoffiziere verschlossen. Solange die CDU nur redet, die gr\u00fcn-schwarze Landesregierung aber nichts dahingehend bewirkt, sind die warmen Worte der CDU nichts als leere Worth\u00fclsen.<\/p>\n<p>&nbsp;<\/p>\n<p>Jetzt fordert die CDU \u00fcber ein Positionspapier etwas, was wir Freie Demokraten erst vor Kurzem in einem Antrag an die Landesregierung abgefragt hatten (Drucksache 17\/4605). Uns Freie Demokraten freut es nat\u00fcrlich, wenn die Landtags-CDU unsere Impulse annimmt und wir den Christdemokraten beim Bilden von schulpolitischen Positionen behilflich sein k\u00f6nnen. Noch lieber w\u00e4re es uns jedoch, wenn sich die CDU in der Regierungskoalition in dieser Sache aktiv engagieren w\u00fcrde.\u201c<\/p>\n<p>&nbsp;<\/p>\n<p>&nbsp;<\/p>\n<p>&nbsp;<\/p>\n<p>Link zur Drucksache 17\/4605: <a href=\"https:\/\/www.landtag-bw.de\/files\/live\/sites\/LTBW\/files\/dokumente\/WP17\/Drucksachen\/4000\/17_4605.pdf\">https:\/\/www.landtag-bw.de\/files\/live\/sites\/LTBW\/files\/dokumente\/WP17\/Drucksachen\/4000\/17_4605.pdf<\/a><\/p>\n","protected":false},"excerpt":{"rendered":"<p>Jetzt muss sich die CDU nur noch beim gr\u00fcnen Koalitionspartner durchsetzen, ansonsten w\u00e4ren die warmen Worte nichts als leere Worth\u00fclsen \u2013 Jugendoffiziere m\u00fcssen mehr wertgesch\u00e4tzt werden Zur Meldung, dass die [&#8230;]<\/p>\n","protected":false},"author":1,"featured_media":0,"comment_status":"open","ping_status":"closed","sticky":false,"template":"","format":"standard","meta":{"footnotes":""},"categories":[34,498],"tags":[499,650,864],"class_list":["post-10784","post","type-post","status-publish","format-standard","hentry","category-bildung","category-verteidigung","tag-bundeswehr","tag-fdp-dvp","tag-hans-dieter-scheerer"],"_links":{"self":[{"href":"https:\/\/fdp-aktiv.de\/blog\/wp-json\/wp\/v2\/posts\/10784","targetHints":{"allow":["GET"]}}],"collection":[{"href":"https:\/\/fdp-aktiv.de\/blog\/wp-json\/wp\/v2\/posts"}],"about":[{"href":"https:\/\/fdp-aktiv.de\/blog\/wp-json\/wp\/v2\/types\/post"}],"author":[{"embeddable":true,"href":"https:\/\/fdp-aktiv.de\/blog\/wp-json\/wp\/v2\/users\/1"}],"replies":[{"embeddable":true,"href":"https:\/\/fdp-aktiv.de\/blog\/wp-json\/wp\/v2\/comments?post=10784"}],"version-history":[{"count":1,"href":"https:\/\/fdp-aktiv.de\/blog\/wp-json\/wp\/v2\/posts\/10784\/revisions"}],"predecessor-version":[{"id":10787,"href":"https:\/\/fdp-aktiv.de\/blog\/wp-json\/wp\/v2\/posts\/10784\/revisions\/10787"}],"wp:attachment":[{"href":"https:\/\/fdp-aktiv.de\/blog\/wp-json\/wp\/v2\/media?parent=10784"}],"wp:term":[{"taxonomy":"category","embeddable":true,"href":"https:\/\/fdp-aktiv.de\/blog\/wp-json\/wp\/v2\/categories?post=10784"},{"taxonomy":"post_tag","embeddable":true,"href":"https:\/\/fdp-aktiv.de\/blog\/wp-json\/wp\/v2\/tags?post=10784"}],"curies":[{"name":"wp","href":"https:\/\/api.w.org\/{rel}","templated":true}]}}