{"id":10789,"date":"2023-04-28T05:46:06","date_gmt":"2023-04-28T03:46:06","guid":{"rendered":"https:\/\/fdp-aktiv.de\/blog\/?p=10789"},"modified":"2023-04-28T05:46:06","modified_gmt":"2023-04-28T03:46:06","slug":"julis-jahoda-junge-alternative-als-gesichert-rechtsextrem-eingestuft","status":"publish","type":"post","link":"https:\/\/fdp-aktiv.de\/blog\/2023\/04\/28\/julis-jahoda-junge-alternative-als-gesichert-rechtsextrem-eingestuft\/","title":{"rendered":"Julis JAHODA &#8211; Junge Alternative als gesichert rechtsextrem eingestuft"},"content":{"rendered":"<p>Die Junge Alternative (JA) hat in der Vergangenheit immer wieder bewiesen, dass sie nicht auf dem Boden der freiheitlich demokratischen Grundordnung steht. Ihre extremistischen Positionen f\u00fchrten nunmehr zur Einstufung als gesichert rechtsextremistische Bestrebung durch das Bundesamt f\u00fcr Verfassungsschutz.<\/p>\n<figure id=\"attachment_8091\" aria-describedby=\"caption-attachment-8091\" style=\"width: 629px\" class=\"wp-caption aligncenter\"><a href=\"https:\/\/fdp-aktiv.de\/blog\/wp-content\/uploads\/2022\/11\/Fabian_Jahoda.jpg\"><img loading=\"lazy\" decoding=\"async\" class=\"size-full wp-image-8091\" src=\"https:\/\/fdp-aktiv.de\/blog\/wp-content\/uploads\/2022\/11\/Fabian_Jahoda.jpg\" alt=\"Fabian Jahoda\" width=\"629\" height=\"630\" srcset=\"https:\/\/fdp-aktiv.de\/blog\/wp-content\/uploads\/2022\/11\/Fabian_Jahoda.jpg 629w, https:\/\/fdp-aktiv.de\/blog\/wp-content\/uploads\/2022\/11\/Fabian_Jahoda-300x300.jpg 300w, https:\/\/fdp-aktiv.de\/blog\/wp-content\/uploads\/2022\/11\/Fabian_Jahoda-150x150.jpg 150w, https:\/\/fdp-aktiv.de\/blog\/wp-content\/uploads\/2022\/11\/Fabian_Jahoda-400x400.jpg 400w\" sizes=\"auto, (max-width: 629px) 100vw, 629px\" \/><\/a><figcaption id=\"caption-attachment-8091\" class=\"wp-caption-text\">Fabian Jahoda<\/figcaption><\/figure>\n<p>Hierzu erkl\u00e4rt der Landesvorsitzende der JuLis Brandenburg Fabian Jahoda:<br \/>\n\u201eWas vielen l\u00e4ngst bewusst war, wird mit der Einstufung des Bundesamtes f\u00fcr Verfassungsschutz jetzt offiziell: Die Junge Alternative ist gesichert rechtsextrem. F\u00fcr wen nicht die Staatsb\u00fcrgerschaft, sondern das Aussehen oder der Geburtsort dar\u00fcber entscheiden, wer vermeintlich &#8220;wirklich&#8221; Deutscher ist, darf sich nicht Demokrat nennen.\u201c<\/p>\n<p>Weiter f\u00fchrt der Chef der FDP-Jugend aus:<\/p>\n<p>\u201eF\u00fcr uns ist klar: Die JA ist vielleicht jung, aber mit Sicherheit keine Alternative. Hass und Ausgrenzung sind keine Antworten auf die Probleme unserer Zeit \u2013 und sie sind es auch nie gewesen.\u201c<\/p>\n","protected":false},"excerpt":{"rendered":"<p>Die Junge Alternative (JA) hat in der Vergangenheit immer wieder bewiesen, dass sie nicht auf dem Boden der freiheitlich demokratischen Grundordnung steht. Ihre extremistischen Positionen f\u00fchrten nunmehr zur Einstufung als [&#8230;]<\/p>\n","protected":false},"author":1,"featured_media":0,"comment_status":"open","ping_status":"closed","sticky":false,"template":"","format":"standard","meta":{"footnotes":""},"categories":[6],"tags":[2850,2135,2484],"class_list":["post-10789","post","type-post","status-publish","format-standard","hentry","category-politik","tag-fabian-jahoda","tag-fdp-brandenburg","tag-fdp-julis"],"_links":{"self":[{"href":"https:\/\/fdp-aktiv.de\/blog\/wp-json\/wp\/v2\/posts\/10789","targetHints":{"allow":["GET"]}}],"collection":[{"href":"https:\/\/fdp-aktiv.de\/blog\/wp-json\/wp\/v2\/posts"}],"about":[{"href":"https:\/\/fdp-aktiv.de\/blog\/wp-json\/wp\/v2\/types\/post"}],"author":[{"embeddable":true,"href":"https:\/\/fdp-aktiv.de\/blog\/wp-json\/wp\/v2\/users\/1"}],"replies":[{"embeddable":true,"href":"https:\/\/fdp-aktiv.de\/blog\/wp-json\/wp\/v2\/comments?post=10789"}],"version-history":[{"count":1,"href":"https:\/\/fdp-aktiv.de\/blog\/wp-json\/wp\/v2\/posts\/10789\/revisions"}],"predecessor-version":[{"id":10790,"href":"https:\/\/fdp-aktiv.de\/blog\/wp-json\/wp\/v2\/posts\/10789\/revisions\/10790"}],"wp:attachment":[{"href":"https:\/\/fdp-aktiv.de\/blog\/wp-json\/wp\/v2\/media?parent=10789"}],"wp:term":[{"taxonomy":"category","embeddable":true,"href":"https:\/\/fdp-aktiv.de\/blog\/wp-json\/wp\/v2\/categories?post=10789"},{"taxonomy":"post_tag","embeddable":true,"href":"https:\/\/fdp-aktiv.de\/blog\/wp-json\/wp\/v2\/tags?post=10789"}],"curies":[{"name":"wp","href":"https:\/\/api.w.org\/{rel}","templated":true}]}}