{"id":10822,"date":"2023-05-02T22:13:06","date_gmt":"2023-05-02T20:13:06","guid":{"rendered":"https:\/\/fdp-aktiv.de\/blog\/?p=10822"},"modified":"2023-05-02T22:13:06","modified_gmt":"2023-05-02T20:13:06","slug":"baden-wuerttemberg-ruelke-49-euro-ticket-macht-oepnv-einfacher-und-attraktiver-land-ist-verantwortlich-fuer-den-nahverkehr","status":"publish","type":"post","link":"https:\/\/fdp-aktiv.de\/blog\/2023\/05\/02\/baden-wuerttemberg-ruelke-49-euro-ticket-macht-oepnv-einfacher-und-attraktiver-land-ist-verantwortlich-fuer-den-nahverkehr\/","title":{"rendered":"Baden-W\u00fcrttemberg &#8211; R\u00fclke: 49-Euro-Ticket macht \u00d6PNV einfacher und attraktiver \u2013 Land ist verantwortlich f\u00fcr den Nahverkehr"},"content":{"rendered":"<p>Mit dem Deutschlandticket haben wir ein einheitliches, bundesweit g\u00fcltiges und digitales Ticket.<\/p>\n<p>Zum ab heute (1. Mai) g\u00fcltigen 49-Euro-Ticket und zur Meldung des Verkehrsministeriums, dass die L\u00e4nder zum Beispiel bei Verg\u00fcnstigungen f\u00fcr Studierende eine bundesweite L\u00f6sung wollen, man aber mit dem Bund noch nicht auf einen Nenner gekommen sei, meint der Vorsitzende der FDP\/DVP-Landtagsfraktion, <strong>Dr. Hans-Ulrich R\u00fclke<\/strong>:<\/p>\n<figure id=\"attachment_1526\" aria-describedby=\"caption-attachment-1526\" style=\"width: 800px\" class=\"wp-caption aligncenter\"><a href=\"https:\/\/fdp-aktiv.de\/blog\/wp-content\/uploads\/2021\/06\/Dr._Hans_Ulrich_Ruelke_FDP_BW.jpg\"><img loading=\"lazy\" decoding=\"async\" class=\"size-large wp-image-1526\" src=\"https:\/\/fdp-aktiv.de\/blog\/wp-content\/uploads\/2021\/06\/Dr._Hans_Ulrich_Ruelke_FDP_BW-1024x682.jpg\" alt=\"Dr. Hans Ulrich R\u00fclke\" width=\"800\" height=\"533\" srcset=\"https:\/\/fdp-aktiv.de\/blog\/wp-content\/uploads\/2021\/06\/Dr._Hans_Ulrich_Ruelke_FDP_BW-1024x682.jpg 1024w, https:\/\/fdp-aktiv.de\/blog\/wp-content\/uploads\/2021\/06\/Dr._Hans_Ulrich_Ruelke_FDP_BW-300x200.jpg 300w, https:\/\/fdp-aktiv.de\/blog\/wp-content\/uploads\/2021\/06\/Dr._Hans_Ulrich_Ruelke_FDP_BW-768x512.jpg 768w, https:\/\/fdp-aktiv.de\/blog\/wp-content\/uploads\/2021\/06\/Dr._Hans_Ulrich_Ruelke_FDP_BW.jpg 1030w\" sizes=\"auto, (max-width: 800px) 100vw, 800px\" \/><\/a><figcaption id=\"caption-attachment-1526\" class=\"wp-caption-text\">Dr. Hans Ulrich R\u00fclke<\/figcaption><\/figure>\n<p>\u201eVerkehrsminister Herrmann sollte endlich aufh\u00f6ren zu versuchen, mit seinen st\u00e4ndigen M\u00e4keleien von den eigenen Verantwortlichkeiten abzulenken. Anstatt im Bund zu blockieren, sollte er wissen, dass f\u00fcr den Nahverkehr und damit die Umsetzung das Land verantwortlich ist.<\/p>\n<p>&nbsp;<\/p>\n<p>Der Bund hat auf Initiative der FDP das Deutschlandticket auf den Weg gebracht. Das 49-Euro-Ticket macht den \u00d6PNV einfacher und attraktiver. Mit dem Deutschlandticket haben wir endlich ein einheitliches, bundesweit g\u00fcltiges und digitales Ticket.\u201c<\/p>\n<p>&nbsp;<\/p>\n","protected":false},"excerpt":{"rendered":"<p>Mit dem Deutschlandticket haben wir ein einheitliches, bundesweit g\u00fcltiges und digitales Ticket. Zum ab heute (1. Mai) g\u00fcltigen 49-Euro-Ticket und zur Meldung des Verkehrsministeriums, dass die L\u00e4nder zum Beispiel bei [&#8230;]<\/p>\n","protected":false},"author":1,"featured_media":0,"comment_status":"open","ping_status":"closed","sticky":false,"template":"","format":"standard","meta":{"footnotes":""},"categories":[144],"tags":[3335,842,650,1801],"class_list":["post-10822","post","type-post","status-publish","format-standard","hentry","category-verkehr-innenpolitik","tag-49-euro-ticket","tag-dr-hans-ulrich-ruelke","tag-fdp-dvp","tag-oepnv"],"_links":{"self":[{"href":"https:\/\/fdp-aktiv.de\/blog\/wp-json\/wp\/v2\/posts\/10822","targetHints":{"allow":["GET"]}}],"collection":[{"href":"https:\/\/fdp-aktiv.de\/blog\/wp-json\/wp\/v2\/posts"}],"about":[{"href":"https:\/\/fdp-aktiv.de\/blog\/wp-json\/wp\/v2\/types\/post"}],"author":[{"embeddable":true,"href":"https:\/\/fdp-aktiv.de\/blog\/wp-json\/wp\/v2\/users\/1"}],"replies":[{"embeddable":true,"href":"https:\/\/fdp-aktiv.de\/blog\/wp-json\/wp\/v2\/comments?post=10822"}],"version-history":[{"count":1,"href":"https:\/\/fdp-aktiv.de\/blog\/wp-json\/wp\/v2\/posts\/10822\/revisions"}],"predecessor-version":[{"id":10828,"href":"https:\/\/fdp-aktiv.de\/blog\/wp-json\/wp\/v2\/posts\/10822\/revisions\/10828"}],"wp:attachment":[{"href":"https:\/\/fdp-aktiv.de\/blog\/wp-json\/wp\/v2\/media?parent=10822"}],"wp:term":[{"taxonomy":"category","embeddable":true,"href":"https:\/\/fdp-aktiv.de\/blog\/wp-json\/wp\/v2\/categories?post=10822"},{"taxonomy":"post_tag","embeddable":true,"href":"https:\/\/fdp-aktiv.de\/blog\/wp-json\/wp\/v2\/tags?post=10822"}],"curies":[{"name":"wp","href":"https:\/\/api.w.org\/{rel}","templated":true}]}}