{"id":10823,"date":"2023-05-02T22:14:48","date_gmt":"2023-05-02T20:14:48","guid":{"rendered":"https:\/\/fdp-aktiv.de\/blog\/?p=10823"},"modified":"2023-05-02T22:14:48","modified_gmt":"2023-05-02T20:14:48","slug":"thueringen-kemmerich-haelt-herr-ramelow-seine-schlauen-reden-kuenftig-nur-noch-an-vier-tagen-pro-woche","status":"publish","type":"post","link":"https:\/\/fdp-aktiv.de\/blog\/2023\/05\/02\/thueringen-kemmerich-haelt-herr-ramelow-seine-schlauen-reden-kuenftig-nur-noch-an-vier-tagen-pro-woche\/","title":{"rendered":"Th\u00fcringen &#8211; Kemmerich: H\u00e4lt Herr Ramelow seine schlauen Reden k\u00fcnftig nur noch an vier Tagen pro Woche?"},"content":{"rendered":"<div class=\"clearfix text-formatted field field--name-body field--type-text-with-summary field--label-hidden field__item\">\n<p><strong>Thomas L. Kemmerich: Vorschlag f\u00fcr 4-Tage-Woche geht an den Th\u00fcringer Realit\u00e4ten vorbei<\/strong><\/p>\n<figure id=\"attachment_1115\" aria-describedby=\"caption-attachment-1115\" style=\"width: 790px\" class=\"wp-caption aligncenter\"><a href=\"https:\/\/fdp-aktiv.de\/blog\/wp-content\/uploads\/2021\/04\/Thoms-Kemmerich.jpg\"><img loading=\"lazy\" decoding=\"async\" class=\"size-full wp-image-1115\" src=\"https:\/\/fdp-aktiv.de\/blog\/wp-content\/uploads\/2021\/04\/Thoms-Kemmerich.jpg\" alt=\"Thomas L. Kemmerich\" width=\"790\" height=\"700\" srcset=\"https:\/\/fdp-aktiv.de\/blog\/wp-content\/uploads\/2021\/04\/Thoms-Kemmerich.jpg 790w, https:\/\/fdp-aktiv.de\/blog\/wp-content\/uploads\/2021\/04\/Thoms-Kemmerich-300x266.jpg 300w, https:\/\/fdp-aktiv.de\/blog\/wp-content\/uploads\/2021\/04\/Thoms-Kemmerich-768x681.jpg 768w\" sizes=\"auto, (max-width: 790px) 100vw, 790px\" \/><\/a><figcaption id=\"caption-attachment-1115\" class=\"wp-caption-text\">Thomas L. Kemmerich<\/figcaption><\/figure>\n<p>Zur Forderung des Th\u00fcringer Ministerpr\u00e4sidenten nach einer 4-Tage-Woche erkl\u00e4rt Thomas L. Kemmerich, Sprecher der FDP im Th\u00fcringer Landtag:<\/p>\n<p>\u201eSollte Herr Ramelows Vorschlag dazu f\u00fchren, dass er selbst nur noch an vier Tagen pro Woche derart schlaue Reden h\u00e4lt, dann ist er ausnahmsweise gut. Ansonsten aber tr\u00e4gt sein Schwadronieren \u00fcber die Verk\u00fcrzung der Arbeitszeit weder dazu bei, dem Fachkr\u00e4ftemangel zu begegnen noch die Wettbewerbsf\u00e4higkeit unserer Th\u00fcringer Unternehmen zu wahren. Aber die Linken Tr\u00e4umer blenden ja gern aus, dass <a>erst erwirtschaftet werden muss, was man verteilen m\u00f6chte<\/a>.\u201c<\/p>\n<p>Grunds\u00e4tzlich erachten die Freien Demokraten eine Debatte um Arbeitszeitmodelle f\u00fcr sinnvoll, sofern sie konstruktiv gef\u00fchrt wird. Kritisch bewerten sie unter anderem das Th\u00fcringer Laden\u00f6ffnungsgesetz. Es erlegt allen Besch\u00e4ftigten im Einzelhandel an zwei Samstagen im Monat ein Arbeitsverbot auf, auch wenn sie ausdr\u00fccklich an diesen Tagen arbeiten und stattdessen an einem klassischen Werktag frei nehmen m\u00f6chten. \u201eWer samstags arbeiten m\u00f6chte, soll dies auch tun d\u00fcrfen. Es ist an der Zeit, das Laden\u00f6ffnungsgesetz an die Lebenswirklichkeit anzupassen. Ich frage mich, weshalb die f\u00fcr das Gesetz verantwortlichen Parteien \u2013 Rot-Rot-Gr\u00fcn und CDU \u2013 w\u00e4hnen, Besch\u00e4ftigte im Einzelhandel vor ihrer Arbeitsmotivation sch\u00fctzen zu m\u00fcssen, w\u00e4hrend genau dies in anderen Berufsgruppen nicht notwendig sein soll, etwa bei Busfahrern, Kellnern und Krankenschwestern.\u201c<\/p>\n<\/div>\n","protected":false},"excerpt":{"rendered":"<p>Thomas L. Kemmerich: Vorschlag f\u00fcr 4-Tage-Woche geht an den Th\u00fcringer Realit\u00e4ten vorbei Zur Forderung des Th\u00fcringer Ministerpr\u00e4sidenten nach einer 4-Tage-Woche erkl\u00e4rt Thomas L. Kemmerich, Sprecher der FDP im Th\u00fcringer Landtag: [&#8230;]<\/p>\n","protected":false},"author":1,"featured_media":0,"comment_status":"open","ping_status":"closed","sticky":false,"template":"","format":"standard","meta":{"footnotes":""},"categories":[8],"tags":[3336,669,271],"class_list":["post-10823","post","type-post","status-publish","format-standard","hentry","category-wirtschaft","tag-4-tage-woche","tag-fdp-thueringen","tag-thomas-kemmerich"],"_links":{"self":[{"href":"https:\/\/fdp-aktiv.de\/blog\/wp-json\/wp\/v2\/posts\/10823","targetHints":{"allow":["GET"]}}],"collection":[{"href":"https:\/\/fdp-aktiv.de\/blog\/wp-json\/wp\/v2\/posts"}],"about":[{"href":"https:\/\/fdp-aktiv.de\/blog\/wp-json\/wp\/v2\/types\/post"}],"author":[{"embeddable":true,"href":"https:\/\/fdp-aktiv.de\/blog\/wp-json\/wp\/v2\/users\/1"}],"replies":[{"embeddable":true,"href":"https:\/\/fdp-aktiv.de\/blog\/wp-json\/wp\/v2\/comments?post=10823"}],"version-history":[{"count":1,"href":"https:\/\/fdp-aktiv.de\/blog\/wp-json\/wp\/v2\/posts\/10823\/revisions"}],"predecessor-version":[{"id":10829,"href":"https:\/\/fdp-aktiv.de\/blog\/wp-json\/wp\/v2\/posts\/10823\/revisions\/10829"}],"wp:attachment":[{"href":"https:\/\/fdp-aktiv.de\/blog\/wp-json\/wp\/v2\/media?parent=10823"}],"wp:term":[{"taxonomy":"category","embeddable":true,"href":"https:\/\/fdp-aktiv.de\/blog\/wp-json\/wp\/v2\/categories?post=10823"},{"taxonomy":"post_tag","embeddable":true,"href":"https:\/\/fdp-aktiv.de\/blog\/wp-json\/wp\/v2\/tags?post=10823"}],"curies":[{"name":"wp","href":"https:\/\/api.w.org\/{rel}","templated":true}]}}