{"id":10845,"date":"2023-05-03T19:50:49","date_gmt":"2023-05-03T17:50:49","guid":{"rendered":"https:\/\/fdp-aktiv.de\/blog\/?p=10845"},"modified":"2023-05-03T19:50:49","modified_gmt":"2023-05-03T17:50:49","slug":"lindemann-zum-wohnmarktreport-berlin-2023","status":"publish","type":"post","link":"https:\/\/fdp-aktiv.de\/blog\/2023\/05\/03\/lindemann-zum-wohnmarktreport-berlin-2023\/","title":{"rendered":"LINDEMANN &#8211; zum Wohnmarktreport Berlin 2023"},"content":{"rendered":"<p style=\"font-weight: 400;\">BERLIN. Lars F. Lindemann MdB, Generalsekret\u00e4r der FDP Berlin, zur heutigen Pr\u00e4sentation des Wohnmarktreports Berlin 2023:<\/p>\n<figure id=\"attachment_10345\" aria-describedby=\"caption-attachment-10345\" style=\"width: 800px\" class=\"wp-caption aligncenter\"><a href=\"https:\/\/fdp-aktiv.de\/blog\/wp-content\/uploads\/2023\/03\/LL_05237-min-scaled.jpg\"><img loading=\"lazy\" decoding=\"async\" class=\"size-large wp-image-10345\" src=\"https:\/\/fdp-aktiv.de\/blog\/wp-content\/uploads\/2023\/03\/LL_05237-min-1024x683.jpg\" alt=\"Lars Lindemann\" width=\"800\" height=\"534\" srcset=\"https:\/\/fdp-aktiv.de\/blog\/wp-content\/uploads\/2023\/03\/LL_05237-min-1024x683.jpg 1024w, https:\/\/fdp-aktiv.de\/blog\/wp-content\/uploads\/2023\/03\/LL_05237-min-300x200.jpg 300w, https:\/\/fdp-aktiv.de\/blog\/wp-content\/uploads\/2023\/03\/LL_05237-min-768x512.jpg 768w, https:\/\/fdp-aktiv.de\/blog\/wp-content\/uploads\/2023\/03\/LL_05237-min-1536x1025.jpg 1536w, https:\/\/fdp-aktiv.de\/blog\/wp-content\/uploads\/2023\/03\/LL_05237-min-2048x1366.jpg 2048w\" sizes=\"auto, (max-width: 800px) 100vw, 800px\" \/><\/a><figcaption id=\"caption-attachment-10345\" class=\"wp-caption-text\">Lars Lindemann<\/figcaption><\/figure>\n<p style=\"font-weight: 400;\">\n<p style=\"font-weight: 400;\">\u201eDie steigenden Angebotsmieten und Quadratmeterpreise f\u00fcr Wohnungen und Grundst\u00fccke in Berlin zeigen, wie kontraproduktiv sich die Wohnungspolitik des Senats der letzten Jahre ausgewirkt hat. Wegen unterlassenen Wohnungsbaus kann die Stadt die Nachfrage weiter nicht abdecken, sodass die Preise immer weiter anziehen. Infolge des &#8220;Mietendeckels&#8221;, Enteignungsdiskussionen &#8211; die auch unter CDU und SPD nun weitergef\u00fchrt werden &#8211; und r\u00fcckl\u00e4ufigen Baugenehmigungen, ist Berlin in einer schlimmen Wohnungsbaumisere. Der Berliner Senat muss endlich sozialistische Mangelbewirtschaftung und Enteignungsphantasien aufgeben und stattdessen das Bauen vereinfachen und beschleunigen. Daf\u00fcr brauchen wir ein umfassendes Ma\u00dfnahmenpaket: Berlin muss jetzt schnell und gro\u00dffl\u00e4chig Planungsrecht f\u00fcr den Wohnungsbau bereitstellen und diese Gebiete verkehrlich erschlie\u00dfen. Daneben m\u00fcssen CDU und SPD dringend die Berliner Bauordnung reformieren, daf\u00fcr sorgen, dass die Bauverwaltung leistungsf\u00e4hig wird, veraltetes Planungsrecht aktualisieren und einen &#8220;Mieten-T\u00dcV&#8221; einf\u00fchren. Das sind die richtigen Schritte, um die dringend ben\u00f6tigten 200.000 Wohnungen bis 2030 bereitzustellen und den Wohnungsmarkt zu entlasten &#8211; so kann Berlin schnell f\u00fcr stabile und faire Mieten sorgen.\u201c<\/p>\n<p style=\"font-weight: 400;\">\n","protected":false},"excerpt":{"rendered":"<p>BERLIN. Lars F. Lindemann MdB, Generalsekret\u00e4r der FDP Berlin, zur heutigen Pr\u00e4sentation des Wohnmarktreports Berlin 2023: \u201eDie steigenden Angebotsmieten und Quadratmeterpreise f\u00fcr Wohnungen und Grundst\u00fccke in Berlin zeigen, wie kontraproduktiv [&#8230;]<\/p>\n","protected":false},"author":1,"featured_media":0,"comment_status":"open","ping_status":"closed","sticky":false,"template":"","format":"standard","meta":{"footnotes":""},"categories":[207,55],"tags":[706,3242,3340,3339],"class_list":["post-10845","post","type-post","status-publish","format-standard","hentry","category-familie-wohnen","category-finanzen","tag-fdp-berlin","tag-lars-lindemann","tag-report","tag-wohnmarkt"],"_links":{"self":[{"href":"https:\/\/fdp-aktiv.de\/blog\/wp-json\/wp\/v2\/posts\/10845","targetHints":{"allow":["GET"]}}],"collection":[{"href":"https:\/\/fdp-aktiv.de\/blog\/wp-json\/wp\/v2\/posts"}],"about":[{"href":"https:\/\/fdp-aktiv.de\/blog\/wp-json\/wp\/v2\/types\/post"}],"author":[{"embeddable":true,"href":"https:\/\/fdp-aktiv.de\/blog\/wp-json\/wp\/v2\/users\/1"}],"replies":[{"embeddable":true,"href":"https:\/\/fdp-aktiv.de\/blog\/wp-json\/wp\/v2\/comments?post=10845"}],"version-history":[{"count":1,"href":"https:\/\/fdp-aktiv.de\/blog\/wp-json\/wp\/v2\/posts\/10845\/revisions"}],"predecessor-version":[{"id":10846,"href":"https:\/\/fdp-aktiv.de\/blog\/wp-json\/wp\/v2\/posts\/10845\/revisions\/10846"}],"wp:attachment":[{"href":"https:\/\/fdp-aktiv.de\/blog\/wp-json\/wp\/v2\/media?parent=10845"}],"wp:term":[{"taxonomy":"category","embeddable":true,"href":"https:\/\/fdp-aktiv.de\/blog\/wp-json\/wp\/v2\/categories?post=10845"},{"taxonomy":"post_tag","embeddable":true,"href":"https:\/\/fdp-aktiv.de\/blog\/wp-json\/wp\/v2\/tags?post=10845"}],"curies":[{"name":"wp","href":"https:\/\/api.w.org\/{rel}","templated":true}]}}