{"id":10878,"date":"2023-05-06T07:33:17","date_gmt":"2023-05-06T05:33:17","guid":{"rendered":"https:\/\/fdp-aktiv.de\/blog\/?p=10878"},"modified":"2023-05-06T07:33:17","modified_gmt":"2023-05-06T05:33:17","slug":"baden-wuerttemberg-goll-sekt-sex-und-coachings-was-wusste-strobl","status":"publish","type":"post","link":"https:\/\/fdp-aktiv.de\/blog\/2023\/05\/06\/baden-wuerttemberg-goll-sekt-sex-und-coachings-was-wusste-strobl\/","title":{"rendered":"Baden-W\u00fcrttemberg &#8211; Goll: Sekt, Sex und Coachings \u2013 was wusste Strobl?"},"content":{"rendered":"<p>Der Strafprozess gegen Andreas R. wirft dr\u00e4ngende neue Fragen f\u00fcr den Untersuchungsausschuss auf.<\/p>\n<p>Zur Fortsetzung des Strafprozesses gegen Andreas R. sagte die Obfrau und stellvertretende Fraktionsvorsitzende der FDP\/DVP-Fraktion, <strong>Julia Goll MdL:<\/strong><\/p>\n<figure id=\"attachment_5367\" aria-describedby=\"caption-attachment-5367\" style=\"width: 604px\" class=\"wp-caption aligncenter\"><a href=\"https:\/\/fdp-aktiv.de\/blog\/wp-content\/uploads\/2022\/05\/JuliaGoll.png\"><img loading=\"lazy\" decoding=\"async\" class=\"size-full wp-image-5367\" src=\"https:\/\/fdp-aktiv.de\/blog\/wp-content\/uploads\/2022\/05\/JuliaGoll.png\" alt=\"Julia Goll\" width=\"604\" height=\"659\" srcset=\"https:\/\/fdp-aktiv.de\/blog\/wp-content\/uploads\/2022\/05\/JuliaGoll.png 604w, https:\/\/fdp-aktiv.de\/blog\/wp-content\/uploads\/2022\/05\/JuliaGoll-275x300.png 275w\" sizes=\"auto, (max-width: 604px) 100vw, 604px\" \/><\/a><figcaption id=\"caption-attachment-5367\" class=\"wp-caption-text\">Julia Goll<\/figcaption><\/figure>\n<p>\u201eDie gestrige Fortsetzung des Strafprozesses gegen Andreas R. hat auch f\u00fcr den Untersuchungsausschuss neue Fragen aufgeworfen. So hat Landespolizeipr\u00e4sidentin Hinz ausgesagt, dass Andreas R. als \u201aMentor\u2018 f\u00fcr die Dame nicht in Betracht komme, weil er selbst der Beurteilungskommission angeh\u00f6rte \u2013 aber warum hat sie dann nichts gegen das Sektcoaching, von dem sie wusste, unternommen? Mehr noch: Nach Aussagen eines Beteiligten ging die Initiative sogar von Hinz aus \u2013 wurde Andreas R. die junge Beamtin, also wom\u00f6glich von Hinz selbst, zugef\u00fchrt?<\/p>\n<p>&nbsp;<\/p>\n<p>Am schwersten wiegt aber die Erkenntnis, dass es sich bei den Vorg\u00e4ngen offenbar nicht um einen Einzelfall handelt. Schon mehrfach hat Andreas R. junge Beamtinnen dienstlich und au\u00dferdienstlich betreut und sich ihnen angen\u00e4hert. Hier dr\u00e4ngt sich der Verdacht auf, dass im Innenministerium institutionalisierte Gelegenheitsstrukturen f\u00fcr sexuellen Machtmissbrauch bestehen. Sekt, Sex und Coachings \u2013 was wusste Minister Strobl von diesen Zust\u00e4nden?<\/p>\n<p>&nbsp;<\/p>\n<p>Diesen Fragen werden wir als Opposition im Untersuchungsausschuss weiter energisch auf den Grund gehen. Hinz und Strobl werden sich in einer erneuten Vernehmung zu den neuen Erkenntnissen \u00e4u\u00dfern m\u00fcssen.\u201c<\/p>\n","protected":false},"excerpt":{"rendered":"<p>Der Strafprozess gegen Andreas R. wirft dr\u00e4ngende neue Fragen f\u00fcr den Untersuchungsausschuss auf. Zur Fortsetzung des Strafprozesses gegen Andreas R. sagte die Obfrau und stellvertretende Fraktionsvorsitzende der FDP\/DVP-Fraktion, Julia Goll [&#8230;]<\/p>\n","protected":false},"author":1,"featured_media":0,"comment_status":"open","ping_status":"closed","sticky":false,"template":"","format":"standard","meta":{"footnotes":""},"categories":[536],"tags":[650,1511,3348,1070],"class_list":["post-10878","post","type-post","status-publish","format-standard","hentry","category-sicherheit","tag-fdp-dvp","tag-julia-goll","tag-strafprozess","tag-untersuchungsausschuss"],"_links":{"self":[{"href":"https:\/\/fdp-aktiv.de\/blog\/wp-json\/wp\/v2\/posts\/10878","targetHints":{"allow":["GET"]}}],"collection":[{"href":"https:\/\/fdp-aktiv.de\/blog\/wp-json\/wp\/v2\/posts"}],"about":[{"href":"https:\/\/fdp-aktiv.de\/blog\/wp-json\/wp\/v2\/types\/post"}],"author":[{"embeddable":true,"href":"https:\/\/fdp-aktiv.de\/blog\/wp-json\/wp\/v2\/users\/1"}],"replies":[{"embeddable":true,"href":"https:\/\/fdp-aktiv.de\/blog\/wp-json\/wp\/v2\/comments?post=10878"}],"version-history":[{"count":1,"href":"https:\/\/fdp-aktiv.de\/blog\/wp-json\/wp\/v2\/posts\/10878\/revisions"}],"predecessor-version":[{"id":10883,"href":"https:\/\/fdp-aktiv.de\/blog\/wp-json\/wp\/v2\/posts\/10878\/revisions\/10883"}],"wp:attachment":[{"href":"https:\/\/fdp-aktiv.de\/blog\/wp-json\/wp\/v2\/media?parent=10878"}],"wp:term":[{"taxonomy":"category","embeddable":true,"href":"https:\/\/fdp-aktiv.de\/blog\/wp-json\/wp\/v2\/categories?post=10878"},{"taxonomy":"post_tag","embeddable":true,"href":"https:\/\/fdp-aktiv.de\/blog\/wp-json\/wp\/v2\/tags?post=10878"}],"curies":[{"name":"wp","href":"https:\/\/api.w.org\/{rel}","templated":true}]}}