{"id":10882,"date":"2023-05-06T07:34:30","date_gmt":"2023-05-06T05:34:30","guid":{"rendered":"https:\/\/fdp-aktiv.de\/blog\/?p=10882"},"modified":"2023-05-06T07:34:30","modified_gmt":"2023-05-06T05:34:30","slug":"bundestag-konrad-endlich-tempo-bei-der-verkehrsplanung","status":"publish","type":"post","link":"https:\/\/fdp-aktiv.de\/blog\/2023\/05\/06\/bundestag-konrad-endlich-tempo-bei-der-verkehrsplanung\/","title":{"rendered":"Bundestag &#8211; KONRAD: Endlich Tempo bei der Verkehrsplanung"},"content":{"rendered":"<div class=\"clearfix text-formatted field field--name-body field--type-text-with-summary field--label-hidden field__item\">\n<p>Zum Kabinettsbeschluss zur Planungsbeschleunigung erkl\u00e4rt die stellvertretende Fraktionsvorsitzende Carina Konrad:<\/p>\n<figure id=\"attachment_4797\" aria-describedby=\"caption-attachment-4797\" style=\"width: 400px\" class=\"wp-caption aligncenter\"><a href=\"https:\/\/fdp-aktiv.de\/blog\/wp-content\/uploads\/2022\/03\/nTNDth6G_400x400.jpg\"><img loading=\"lazy\" decoding=\"async\" class=\"size-full wp-image-4797\" src=\"https:\/\/fdp-aktiv.de\/blog\/wp-content\/uploads\/2022\/03\/nTNDth6G_400x400.jpg\" alt=\"\" width=\"400\" height=\"400\" srcset=\"https:\/\/fdp-aktiv.de\/blog\/wp-content\/uploads\/2022\/03\/nTNDth6G_400x400.jpg 400w, https:\/\/fdp-aktiv.de\/blog\/wp-content\/uploads\/2022\/03\/nTNDth6G_400x400-300x300.jpg 300w, https:\/\/fdp-aktiv.de\/blog\/wp-content\/uploads\/2022\/03\/nTNDth6G_400x400-150x150.jpg 150w\" sizes=\"auto, (max-width: 400px) 100vw, 400px\" \/><\/a><figcaption id=\"caption-attachment-4797\" class=\"wp-caption-text\">Carina Konrad<\/figcaption><\/figure>\n<p>\u201eMit dem heutigen Beschluss des Kabinetts zum Genehmigungsbeschleunigungsgesetz machen wir jetzt endlich Tempo bei der dringend ben\u00f6tigten Planungsbeschleunigung im Verkehr. Es ist gut, dass der Gesetzentwurf von Bundesverkehrsminister Dr. Wissing nun in die parlamentarische Beratung kann. Besonders wichtige Infrastrukturprojekte im Bereich der Schiene und Bundesfernstra\u00dfen sollen zuk\u00fcnftig im \u00fcberragenden \u00f6ffentlichen Interesse liegen. Das ist richtig, denn das prognostizierte Verkehrswachstum der n\u00e4chsten Jahre macht die Beschleunigung von Planungs- und Genehmigungsverfahren zur Sanierung der Verkehrstr\u00e4ger und Engpassbeseitigung unabdingbar. Marode Br\u00fccken, Staus und Verkehrstr\u00e4ger an der Belastungsgrenze haben deutlich gezeigt, wie gro\u00df der Reformstau in den vergangenen Jahren geworden ist. Br\u00f6ckelnde Infrastruktur und viel zu lange Planungs- und Genehmigungsverfahren gef\u00e4hrden Wohlstand und Wettbewerbsf\u00e4higkeit unseres Landes. Damit ist jetzt Schluss.\u201c<\/p>\n<\/div>\n","protected":false},"excerpt":{"rendered":"<p>Zum Kabinettsbeschluss zur Planungsbeschleunigung erkl\u00e4rt die stellvertretende Fraktionsvorsitzende Carina Konrad: \u201eMit dem heutigen Beschluss des Kabinetts zum Genehmigungsbeschleunigungsgesetz machen wir jetzt endlich Tempo bei der dringend ben\u00f6tigten Planungsbeschleunigung im Verkehr. [&#8230;]<\/p>\n","protected":false},"author":1,"featured_media":0,"comment_status":"open","ping_status":"closed","sticky":false,"template":"","format":"standard","meta":{"footnotes":""},"categories":[144],"tags":[2092,2688,3349],"class_list":["post-10882","post","type-post","status-publish","format-standard","hentry","category-verkehr-innenpolitik","tag-carina-konrad","tag-fdp-bundestag","tag-verkehrsplanung"],"_links":{"self":[{"href":"https:\/\/fdp-aktiv.de\/blog\/wp-json\/wp\/v2\/posts\/10882","targetHints":{"allow":["GET"]}}],"collection":[{"href":"https:\/\/fdp-aktiv.de\/blog\/wp-json\/wp\/v2\/posts"}],"about":[{"href":"https:\/\/fdp-aktiv.de\/blog\/wp-json\/wp\/v2\/types\/post"}],"author":[{"embeddable":true,"href":"https:\/\/fdp-aktiv.de\/blog\/wp-json\/wp\/v2\/users\/1"}],"replies":[{"embeddable":true,"href":"https:\/\/fdp-aktiv.de\/blog\/wp-json\/wp\/v2\/comments?post=10882"}],"version-history":[{"count":1,"href":"https:\/\/fdp-aktiv.de\/blog\/wp-json\/wp\/v2\/posts\/10882\/revisions"}],"predecessor-version":[{"id":10884,"href":"https:\/\/fdp-aktiv.de\/blog\/wp-json\/wp\/v2\/posts\/10882\/revisions\/10884"}],"wp:attachment":[{"href":"https:\/\/fdp-aktiv.de\/blog\/wp-json\/wp\/v2\/media?parent=10882"}],"wp:term":[{"taxonomy":"category","embeddable":true,"href":"https:\/\/fdp-aktiv.de\/blog\/wp-json\/wp\/v2\/categories?post=10882"},{"taxonomy":"post_tag","embeddable":true,"href":"https:\/\/fdp-aktiv.de\/blog\/wp-json\/wp\/v2\/tags?post=10882"}],"curies":[{"name":"wp","href":"https:\/\/api.w.org\/{rel}","templated":true}]}}