{"id":10890,"date":"2023-05-06T07:58:10","date_gmt":"2023-05-06T05:58:10","guid":{"rendered":"https:\/\/fdp-aktiv.de\/blog\/?p=10890"},"modified":"2023-05-06T07:58:10","modified_gmt":"2023-05-06T05:58:10","slug":"fdp-blume-hamburger-haben-traum-von-eigenen-vier-waenden-aufgegeben","status":"publish","type":"post","link":"https:\/\/fdp-aktiv.de\/blog\/2023\/05\/06\/fdp-blume-hamburger-haben-traum-von-eigenen-vier-waenden-aufgegeben\/","title":{"rendered":"FDP \u2013 Blume: Hamburger haben Traum von eigenen vier W\u00e4nden aufgegeben"},"content":{"rendered":"<p><strong>Zum Immobilienmarktbericht Hamburg 2023 erkl\u00e4rt die stv. FDP-Landesvorsitzende Katarina Blume:<\/strong><\/p>\n<p>\u201eWas in der Branche seit Langem geraunt wird, ist jetzt mit harten Zahlen, Daten und Fakten belegt. Ein derartiger Einbruch auf dem Hamburger Immobilienmarkt ist historisch. Die Zahl der verkauften H\u00e4user und Eigentumswohnungen geht deutlich zur\u00fcck, bei den neu gebauten Wohnungen sogar um die H\u00e4lfte.<\/p>\n<figure id=\"attachment_3754\" aria-describedby=\"caption-attachment-3754\" style=\"width: 540px\" class=\"wp-caption aligncenter\"><a href=\"https:\/\/fdp-aktiv.de\/blog\/wp-content\/uploads\/2022\/01\/2018-12_POR.Blume-2772ret2.jpg\"><img loading=\"lazy\" decoding=\"async\" class=\"size-full wp-image-3754\" src=\"https:\/\/fdp-aktiv.de\/blog\/wp-content\/uploads\/2022\/01\/2018-12_POR.Blume-2772ret2.jpg\" alt=\"\" width=\"540\" height=\"360\" srcset=\"https:\/\/fdp-aktiv.de\/blog\/wp-content\/uploads\/2022\/01\/2018-12_POR.Blume-2772ret2.jpg 540w, https:\/\/fdp-aktiv.de\/blog\/wp-content\/uploads\/2022\/01\/2018-12_POR.Blume-2772ret2-300x200.jpg 300w\" sizes=\"auto, (max-width: 540px) 100vw, 540px\" \/><\/a><figcaption id=\"caption-attachment-3754\" class=\"wp-caption-text\">Katarina Blume<\/figcaption><\/figure>\n<p>Die dramatischen Zahlen zeigen, dass die Hamburgerinnen und Hamburger den Traum vom Wohneigentum aufgegeben haben. Das ist bitter, denn f\u00fcr die Stadt bedeutet das eine Abwanderung vieler junger Familien ins Umland.<\/p>\n<p>Der Senat verschl\u00e4ft seit Jahren eine dringend notwendige Kurs\u00e4nderung in diesem Bereich und erh\u00e4lt nun erneut die Quittung. Es ist jetzt h\u00f6chste Zeit, das Bauen einfacher und g\u00fcnstiger zu machen. Dazu z\u00e4hlt eine Harmonisierung von Bauvorschriften mit den Nachbarbundesl\u00e4ndern und die Abschaffung \u00fcberfl\u00fcssiger Vorschriften.\u201c<\/p>\n","protected":false},"excerpt":{"rendered":"<p>Zum Immobilienmarktbericht Hamburg 2023 erkl\u00e4rt die stv. FDP-Landesvorsitzende Katarina Blume: \u201eWas in der Branche seit Langem geraunt wird, ist jetzt mit harten Zahlen, Daten und Fakten belegt. Ein derartiger Einbruch [&#8230;]<\/p>\n","protected":false},"author":1,"featured_media":0,"comment_status":"open","ping_status":"closed","sticky":false,"template":"","format":"standard","meta":{"footnotes":""},"categories":[207,8],"tags":[3355,1387,3356,1028,1787,1117],"class_list":["post-10890","post","type-post","status-publish","format-standard","hentry","category-familie-wohnen","category-wirtschaft","tag-eigentumswohnungen","tag-fdp-hamburg","tag-immo","tag-immobilien","tag-katarina-blume","tag-wohnimmobilie"],"_links":{"self":[{"href":"https:\/\/fdp-aktiv.de\/blog\/wp-json\/wp\/v2\/posts\/10890","targetHints":{"allow":["GET"]}}],"collection":[{"href":"https:\/\/fdp-aktiv.de\/blog\/wp-json\/wp\/v2\/posts"}],"about":[{"href":"https:\/\/fdp-aktiv.de\/blog\/wp-json\/wp\/v2\/types\/post"}],"author":[{"embeddable":true,"href":"https:\/\/fdp-aktiv.de\/blog\/wp-json\/wp\/v2\/users\/1"}],"replies":[{"embeddable":true,"href":"https:\/\/fdp-aktiv.de\/blog\/wp-json\/wp\/v2\/comments?post=10890"}],"version-history":[{"count":1,"href":"https:\/\/fdp-aktiv.de\/blog\/wp-json\/wp\/v2\/posts\/10890\/revisions"}],"predecessor-version":[{"id":10895,"href":"https:\/\/fdp-aktiv.de\/blog\/wp-json\/wp\/v2\/posts\/10890\/revisions\/10895"}],"wp:attachment":[{"href":"https:\/\/fdp-aktiv.de\/blog\/wp-json\/wp\/v2\/media?parent=10890"}],"wp:term":[{"taxonomy":"category","embeddable":true,"href":"https:\/\/fdp-aktiv.de\/blog\/wp-json\/wp\/v2\/categories?post=10890"},{"taxonomy":"post_tag","embeddable":true,"href":"https:\/\/fdp-aktiv.de\/blog\/wp-json\/wp\/v2\/tags?post=10890"}],"curies":[{"name":"wp","href":"https:\/\/api.w.org\/{rel}","templated":true}]}}