{"id":10904,"date":"2023-05-07T08:02:34","date_gmt":"2023-05-07T06:02:34","guid":{"rendered":"https:\/\/fdp-aktiv.de\/blog\/?p=10904"},"modified":"2023-05-07T08:02:34","modified_gmt":"2023-05-07T06:02:34","slug":"schleswig-holstein-christopher-vogt-es-muss-ein-geschlossenes-signal-aus-schleswig-holstein-fuer-den-ausbau-der-a23-geben","status":"publish","type":"post","link":"https:\/\/fdp-aktiv.de\/blog\/2023\/05\/07\/schleswig-holstein-christopher-vogt-es-muss-ein-geschlossenes-signal-aus-schleswig-holstein-fuer-den-ausbau-der-a23-geben\/","title":{"rendered":"Schleswig-Holstein &#8211; Christopher Vogt: Es muss ein geschlossenes Signal aus Schleswig-Holstein f\u00fcr den Ausbau der A23 geben"},"content":{"rendered":"<div class=\"clearfix text-formatted field field--name-body field--type-text-with-summary field--label-hidden field__item\">\n<p>Zur soeben f\u00fcr die kommende Landtagssitzung beantragten Aktuellen Stunde\u00a0<strong>\u201e<\/strong>Der A23-Ausbau muss als \u201e\u00fcberragendes \u00f6ffentliches Interesse\u201c eingestuft werden\u201c\u00a0erkl\u00e4rt der Vorsitzende der FDP-Landtagsfraktion, <strong>Christopher Vogt<\/strong>:<\/p>\n<figure id=\"attachment_2668\" aria-describedby=\"caption-attachment-2668\" style=\"width: 800px\" class=\"wp-caption aligncenter\"><a href=\"https:\/\/fdp-aktiv.de\/blog\/wp-content\/uploads\/2021\/09\/Fdp2022.jpg\"><img loading=\"lazy\" decoding=\"async\" class=\"size-large wp-image-2668\" src=\"https:\/\/fdp-aktiv.de\/blog\/wp-content\/uploads\/2021\/09\/Fdp2022-1024x683.jpg\" alt=\"Vogt\" width=\"800\" height=\"534\" srcset=\"https:\/\/fdp-aktiv.de\/blog\/wp-content\/uploads\/2021\/09\/Fdp2022-1024x683.jpg 1024w, https:\/\/fdp-aktiv.de\/blog\/wp-content\/uploads\/2021\/09\/Fdp2022-300x200.jpg 300w, https:\/\/fdp-aktiv.de\/blog\/wp-content\/uploads\/2021\/09\/Fdp2022-768x512.jpg 768w, https:\/\/fdp-aktiv.de\/blog\/wp-content\/uploads\/2021\/09\/Fdp2022-1536x1024.jpg 1536w, https:\/\/fdp-aktiv.de\/blog\/wp-content\/uploads\/2021\/09\/Fdp2022-2048x1366.jpg 2048w\" sizes=\"auto, (max-width: 800px) 100vw, 800px\" \/><\/a><figcaption id=\"caption-attachment-2668\" class=\"wp-caption-text\">Christopher Vogt<br \/>Freie Demokraten FDP<br \/>Beisitzer im Bundesvorstand<br \/>Vorsitzender der FDP-Fraktion im Schleswig-Holsteinischen Landtag<\/figcaption><\/figure>\n<p>\u201eBundeswirtschaftsminister Robert Habeck hat entgegen des Beschlusses des Berliner Koalitionsausschusses und des Votums Schleswig-Holsteins den beschleunigten Ausbau der A23 in letzter Minute blockiert. Schon bei der von Bundesverkehrsminister Wissing vorgeschlagenen Beschleunigung der A20 sowie des Nord-Ostsee-Kanals haben Habeck und seine Gr\u00fcnen bisher massiv blockiert. Dass jetzt sogar der notwendige Ausbau der wichtigen A23 zwischen Hamburg und Schleswig-Holstein, dem auch der gr\u00fcne Verkehrssenator Hamburgs seinen Segen gegeben hatte, gestrichen werden soll, ist ein bundesweit einmaliger Vorgang, der zu Lasten unseres Bundeslandes geht. Habeck schadet damit dem Wirtschaftsstandort Schleswig-Holstein, den vielen Pendlerinnen und Pendlern und vor allem dem Kreis Pinneberg sowie unserer Westk\u00fcste. Der Landtag darf dies nicht hinnehmen. Es muss jetzt ein geschlossenes Signal aus Schleswig-Holstein f\u00fcr den Ausbau der A23 an den Bundestag geben und wir hoffen sehr, dass auch die schwarz-gr\u00fcne Koalition an ihrer Zustimmung f\u00fcr die A23 festhalten wird. Es muss deutlich werden, dass Robert Habeck hier einen Alleingang vorgenommen hat, der in der Landespolitik keinen R\u00fcckhalt hat und im Bundestag oder sp\u00e4testens im Bundesrat korrigiert wird.\u201c<\/p>\n<p><strong>Antrag der Aktuellen Stunde:\u00a0<\/strong><\/p>\n<p><a href=\"https:\/\/crm.fdp-fraktion-sh.de\/sites\/default\/files\/inline-files\/2023-05-05_Antrag%20Aktuelle%20Stunde_0.pdf\" data-entity-type=\"file\" data-entity-uuid=\"896a5913-ffb7-441e-b7f9-a25b5ce38dc3\">2023-05-05_Antrag Aktuelle Stunde_0.pdf<\/a><\/p>\n<\/div>\n","protected":false},"excerpt":{"rendered":"<p>Zur soeben f\u00fcr die kommende Landtagssitzung beantragten Aktuellen Stunde\u00a0\u201eDer A23-Ausbau muss als \u201e\u00fcberragendes \u00f6ffentliches Interesse\u201c eingestuft werden\u201c\u00a0erkl\u00e4rt der Vorsitzende der FDP-Landtagsfraktion, Christopher Vogt: \u201eBundeswirtschaftsminister Robert Habeck hat entgegen des Beschlusses [&#8230;]<\/p>\n","protected":false},"author":1,"featured_media":0,"comment_status":"open","ping_status":"closed","sticky":false,"template":"","format":"standard","meta":{"footnotes":""},"categories":[144],"tags":[3322,2025,599,814],"class_list":["post-10904","post","type-post","status-publish","format-standard","hentry","category-verkehr-innenpolitik","tag-a23","tag-autobahn","tag-christopher-vogt","tag-fdp-lsh"],"_links":{"self":[{"href":"https:\/\/fdp-aktiv.de\/blog\/wp-json\/wp\/v2\/posts\/10904","targetHints":{"allow":["GET"]}}],"collection":[{"href":"https:\/\/fdp-aktiv.de\/blog\/wp-json\/wp\/v2\/posts"}],"about":[{"href":"https:\/\/fdp-aktiv.de\/blog\/wp-json\/wp\/v2\/types\/post"}],"author":[{"embeddable":true,"href":"https:\/\/fdp-aktiv.de\/blog\/wp-json\/wp\/v2\/users\/1"}],"replies":[{"embeddable":true,"href":"https:\/\/fdp-aktiv.de\/blog\/wp-json\/wp\/v2\/comments?post=10904"}],"version-history":[{"count":1,"href":"https:\/\/fdp-aktiv.de\/blog\/wp-json\/wp\/v2\/posts\/10904\/revisions"}],"predecessor-version":[{"id":10912,"href":"https:\/\/fdp-aktiv.de\/blog\/wp-json\/wp\/v2\/posts\/10904\/revisions\/10912"}],"wp:attachment":[{"href":"https:\/\/fdp-aktiv.de\/blog\/wp-json\/wp\/v2\/media?parent=10904"}],"wp:term":[{"taxonomy":"category","embeddable":true,"href":"https:\/\/fdp-aktiv.de\/blog\/wp-json\/wp\/v2\/categories?post=10904"},{"taxonomy":"post_tag","embeddable":true,"href":"https:\/\/fdp-aktiv.de\/blog\/wp-json\/wp\/v2\/tags?post=10904"}],"curies":[{"name":"wp","href":"https:\/\/api.w.org\/{rel}","templated":true}]}}