{"id":10905,"date":"2023-05-07T08:04:21","date_gmt":"2023-05-07T06:04:21","guid":{"rendered":"https:\/\/fdp-aktiv.de\/blog\/?p=10905"},"modified":"2023-05-07T08:04:21","modified_gmt":"2023-05-07T06:04:21","slug":"sachsen-anhalt-silbersack-energiepreise-muessen-fuer-alle-bezahlbar-bleiben","status":"publish","type":"post","link":"https:\/\/fdp-aktiv.de\/blog\/2023\/05\/07\/sachsen-anhalt-silbersack-energiepreise-muessen-fuer-alle-bezahlbar-bleiben\/","title":{"rendered":"Sachsen-Anhalt &#8211; Silbersack : &#8220;Energiepreise m\u00fcssen f\u00fcr alle bezahlbar bleiben&#8221;"},"content":{"rendered":"<h2>Fraktionschef der Liberalen in Sachsen-Anhalt kritisiert Habeck-Plan f\u00fcr Industriestrompreis \/ Freie Demokraten f\u00fcr Steuererleichterungen und Investitionen<\/h2>\n<figure id=\"attachment_3673\" aria-describedby=\"caption-attachment-3673\" style=\"width: 1000px\" class=\"wp-caption aligncenter\"><a href=\"https:\/\/fdp-aktiv.de\/blog\/wp-content\/uploads\/2021\/12\/Andreas-Silbersack-Pressefoto-1.jpg\"><img loading=\"lazy\" decoding=\"async\" class=\"size-full wp-image-3673\" src=\"https:\/\/fdp-aktiv.de\/blog\/wp-content\/uploads\/2021\/12\/Andreas-Silbersack-Pressefoto-1.jpg\" alt=\"\" width=\"1000\" height=\"667\" srcset=\"https:\/\/fdp-aktiv.de\/blog\/wp-content\/uploads\/2021\/12\/Andreas-Silbersack-Pressefoto-1.jpg 1000w, https:\/\/fdp-aktiv.de\/blog\/wp-content\/uploads\/2021\/12\/Andreas-Silbersack-Pressefoto-1-300x200.jpg 300w, https:\/\/fdp-aktiv.de\/blog\/wp-content\/uploads\/2021\/12\/Andreas-Silbersack-Pressefoto-1-768x512.jpg 768w\" sizes=\"auto, (max-width: 1000px) 100vw, 1000px\" \/><\/a><figcaption id=\"caption-attachment-3673\" class=\"wp-caption-text\">Andreas Silbersack &#8211; Pressefoto 1<\/figcaption><\/figure>\n<p>Zu dem am Freitag vorstellten Plan von Bundeswirtschaftsminister Robert Habeck f\u00fcr einen gedeckelten Industriestrompreis in Deutschland sagte Andreas Silbersack, Fraktionsvorsitzender der FDP-Landtagsfraktion Sachsen-Anhalt:<\/p>\n<p>&#8220;Der vorgeschlagene Industriestrompreis von sechs Cent ist nichts als Flickschusterei und letztlich ein B\u00fcrokratiemonster und Desaster. Es ist eine unn\u00f6tige Zersplitterung des Strommarktes, die langfristig die Wettbewerbsf\u00e4higkeit unserer deutschen Industrie schw\u00e4cht. Ganz zu schweigen davon, dass dies zu einer ungerechten Verteilung der Kosten f\u00fchren w\u00fcrde, bei der die anderen Stromverbraucher und Steuerzahler die Zeche zahlen m\u00fcssten. Es ist wichtig, dass die Energiepreise sowohl f\u00fcr private Stromkunden als auch f\u00fcr die keinen und mittelst\u00e4ndigen Unternehmen genauso wie f\u00fcr die Industrie bezahlbar bleiben.<\/p>\n<p>Als Freie Demokraten fordern wir deshalb Steuersenkungen. Wir m\u00fcssen unseren Betrieben in Sachsen-Anhalt dabei helfen, die Kosten f\u00fcr erneuerbare Energien zu senken und die Effizienz ihrer Prozesse zu steigern. Das ist der Weg, um die Industrie zukunftsf\u00e4hig zu machen. Daf\u00fcr braucht es steuerliche Erleichterungen, auch f\u00fcr Investitionen in erneuerbare Energien und Energieeffizienzma\u00dfnahmen. Die richtige Strategie ist, Innovation und Fortschritt zu f\u00f6rdern und unsere Unternehmen zu st\u00e4rken, damit der Standort Sachsen-Anhalt eine wirtschaftlich moderne Zukunft hat.&#8221;<\/p>\n","protected":false},"excerpt":{"rendered":"<p>Fraktionschef der Liberalen in Sachsen-Anhalt kritisiert Habeck-Plan f\u00fcr Industriestrompreis \/ Freie Demokraten f\u00fcr Steuererleichterungen und Investitionen Zu dem am Freitag vorstellten Plan von Bundeswirtschaftsminister Robert Habeck f\u00fcr einen gedeckelten Industriestrompreis [&#8230;]<\/p>\n","protected":false},"author":1,"featured_media":0,"comment_status":"open","ping_status":"closed","sticky":false,"template":"","format":"standard","meta":{"footnotes":""},"categories":[1979],"tags":[1706,2085,1866,857],"class_list":["post-10905","post","type-post","status-publish","format-standard","hentry","category-energie","tag-andreas-silbersack","tag-energiekosten","tag-energiepreise","tag-fdp-lsa"],"_links":{"self":[{"href":"https:\/\/fdp-aktiv.de\/blog\/wp-json\/wp\/v2\/posts\/10905","targetHints":{"allow":["GET"]}}],"collection":[{"href":"https:\/\/fdp-aktiv.de\/blog\/wp-json\/wp\/v2\/posts"}],"about":[{"href":"https:\/\/fdp-aktiv.de\/blog\/wp-json\/wp\/v2\/types\/post"}],"author":[{"embeddable":true,"href":"https:\/\/fdp-aktiv.de\/blog\/wp-json\/wp\/v2\/users\/1"}],"replies":[{"embeddable":true,"href":"https:\/\/fdp-aktiv.de\/blog\/wp-json\/wp\/v2\/comments?post=10905"}],"version-history":[{"count":1,"href":"https:\/\/fdp-aktiv.de\/blog\/wp-json\/wp\/v2\/posts\/10905\/revisions"}],"predecessor-version":[{"id":10913,"href":"https:\/\/fdp-aktiv.de\/blog\/wp-json\/wp\/v2\/posts\/10905\/revisions\/10913"}],"wp:attachment":[{"href":"https:\/\/fdp-aktiv.de\/blog\/wp-json\/wp\/v2\/media?parent=10905"}],"wp:term":[{"taxonomy":"category","embeddable":true,"href":"https:\/\/fdp-aktiv.de\/blog\/wp-json\/wp\/v2\/categories?post=10905"},{"taxonomy":"post_tag","embeddable":true,"href":"https:\/\/fdp-aktiv.de\/blog\/wp-json\/wp\/v2\/tags?post=10905"}],"curies":[{"name":"wp","href":"https:\/\/api.w.org\/{rel}","templated":true}]}}