{"id":10906,"date":"2023-05-07T08:06:10","date_gmt":"2023-05-07T06:06:10","guid":{"rendered":"https:\/\/fdp-aktiv.de\/blog\/?p=10906"},"modified":"2023-05-07T08:06:10","modified_gmt":"2023-05-07T06:06:10","slug":"thueringen-karenzzeit-fuer-siegesmund-rot-rot-gruen-wird-den-eigenen-massstaeben-nicht-gerecht","status":"publish","type":"post","link":"https:\/\/fdp-aktiv.de\/blog\/2023\/05\/07\/thueringen-karenzzeit-fuer-siegesmund-rot-rot-gruen-wird-den-eigenen-massstaeben-nicht-gerecht\/","title":{"rendered":"Th\u00fcringen &#8211; Karenzzeit f\u00fcr Siegesmund: Rot-Rot-Gr\u00fcn wird den eigenen Ma\u00dfst\u00e4ben nicht gerecht"},"content":{"rendered":"<div class=\"clearfix text-formatted field field--name-body field--type-text-with-summary field--label-hidden field__item\">\n<p>Die Th\u00fcringer Landesregierung erlegt der Ministerin a.D. Anja Siegesmund (Gr\u00fcne) eine Karenzzeit von 16 statt der m\u00f6glichen 24 Monate f\u00fcr ihren Wechsel in ein Lobby-Amt auf. Dazu erkl\u00e4rt Thomas L. Kemmerich, Sprecher der FDP im Th\u00fcringer Landtag:<\/p>\n<figure id=\"attachment_1115\" aria-describedby=\"caption-attachment-1115\" style=\"width: 790px\" class=\"wp-caption aligncenter\"><a href=\"https:\/\/fdp-aktiv.de\/blog\/wp-content\/uploads\/2021\/04\/Thoms-Kemmerich.jpg\"><img loading=\"lazy\" decoding=\"async\" class=\"size-full wp-image-1115\" src=\"https:\/\/fdp-aktiv.de\/blog\/wp-content\/uploads\/2021\/04\/Thoms-Kemmerich.jpg\" alt=\"Thomas L. Kemmerich\" width=\"790\" height=\"700\" srcset=\"https:\/\/fdp-aktiv.de\/blog\/wp-content\/uploads\/2021\/04\/Thoms-Kemmerich.jpg 790w, https:\/\/fdp-aktiv.de\/blog\/wp-content\/uploads\/2021\/04\/Thoms-Kemmerich-300x266.jpg 300w, https:\/\/fdp-aktiv.de\/blog\/wp-content\/uploads\/2021\/04\/Thoms-Kemmerich-768x681.jpg 768w\" sizes=\"auto, (max-width: 790px) 100vw, 790px\" \/><\/a><figcaption id=\"caption-attachment-1115\" class=\"wp-caption-text\">Thomas L. Kemmerich<\/figcaption><\/figure>\n<p>\u201eScheinheiliger geht\u2019s kaum! Als vom Th\u00fcringer Landtag eine Karenzzeit von maximal 24 Monaten gesetzlich verankert wurde, veranstalteten die Gr\u00fcnen am Rednerpult noch ein gro\u00dfes Tamtam und forderten sogar 36 Monate ein. Jetzt, wo es darum geht, eine der Ihren zu versorgen, sehen wir, was das Schwadronieren der vermeintlichen Tugendw\u00e4chter tats\u00e4chlich wert ist. Sie werden nicht mal ihren eigenen Anspr\u00fcchen gerecht. Eingedenk der vom Th\u00fcringer Rechnungshof aufgedeckten Vetternwirtschaft war allerdings auch kaum etwas anderes zu erwarten. Nach acht Jahren unter Rot-Rot-Gr\u00fcn zeigt sich: Unser Land braucht einen Neustart. So wie es ist, darf es nicht bleiben.\u201c<\/p>\n<\/div>\n","protected":false},"excerpt":{"rendered":"<p>Die Th\u00fcringer Landesregierung erlegt der Ministerin a.D. Anja Siegesmund (Gr\u00fcne) eine Karenzzeit von 16 statt der m\u00f6glichen 24 Monate f\u00fcr ihren Wechsel in ein Lobby-Amt auf. Dazu erkl\u00e4rt Thomas L. [&#8230;]<\/p>\n","protected":false},"author":1,"featured_media":0,"comment_status":"open","ping_status":"closed","sticky":false,"template":"","format":"standard","meta":{"footnotes":""},"categories":[6],"tags":[669,271],"class_list":["post-10906","post","type-post","status-publish","format-standard","hentry","category-politik","tag-fdp-thueringen","tag-thomas-kemmerich"],"_links":{"self":[{"href":"https:\/\/fdp-aktiv.de\/blog\/wp-json\/wp\/v2\/posts\/10906","targetHints":{"allow":["GET"]}}],"collection":[{"href":"https:\/\/fdp-aktiv.de\/blog\/wp-json\/wp\/v2\/posts"}],"about":[{"href":"https:\/\/fdp-aktiv.de\/blog\/wp-json\/wp\/v2\/types\/post"}],"author":[{"embeddable":true,"href":"https:\/\/fdp-aktiv.de\/blog\/wp-json\/wp\/v2\/users\/1"}],"replies":[{"embeddable":true,"href":"https:\/\/fdp-aktiv.de\/blog\/wp-json\/wp\/v2\/comments?post=10906"}],"version-history":[{"count":1,"href":"https:\/\/fdp-aktiv.de\/blog\/wp-json\/wp\/v2\/posts\/10906\/revisions"}],"predecessor-version":[{"id":10916,"href":"https:\/\/fdp-aktiv.de\/blog\/wp-json\/wp\/v2\/posts\/10906\/revisions\/10916"}],"wp:attachment":[{"href":"https:\/\/fdp-aktiv.de\/blog\/wp-json\/wp\/v2\/media?parent=10906"}],"wp:term":[{"taxonomy":"category","embeddable":true,"href":"https:\/\/fdp-aktiv.de\/blog\/wp-json\/wp\/v2\/categories?post=10906"},{"taxonomy":"post_tag","embeddable":true,"href":"https:\/\/fdp-aktiv.de\/blog\/wp-json\/wp\/v2\/tags?post=10906"}],"curies":[{"name":"wp","href":"https:\/\/api.w.org\/{rel}","templated":true}]}}