{"id":10915,"date":"2023-05-07T08:07:35","date_gmt":"2023-05-07T06:07:35","guid":{"rendered":"https:\/\/fdp-aktiv.de\/blog\/?p=10915"},"modified":"2023-05-07T08:07:35","modified_gmt":"2023-05-07T06:07:35","slug":"tempo-fuer-sachsen-fdp-landesparteitag-nominiert-robert-malorny-als-spitzenkandidaten-fuer-die-landtagswahl","status":"publish","type":"post","link":"https:\/\/fdp-aktiv.de\/blog\/2023\/05\/07\/tempo-fuer-sachsen-fdp-landesparteitag-nominiert-robert-malorny-als-spitzenkandidaten-fuer-die-landtagswahl\/","title":{"rendered":"Tempo f\u00fcr Sachsen: FDP-Landesparteitag nominiert Robert Malorny als Spitzenkandidaten f\u00fcr die Landtagswahl"},"content":{"rendered":"<p>(Dresden, 06.05.2023) Die s\u00e4chsische FDP will mit Robert Malorny in den Landtagswahlkampf ziehen. Mit gro\u00dfer Mehrheit beschlossen die Delegierten des 56. Landesparteitags in Lommatzsch, den Dresdner Stadtrat als Spitzenkandidaten zu nominieren. Dem ging eine leidenschaftliche, aber sachliche Debatte voraus.<\/p>\n<figure id=\"attachment_9416\" aria-describedby=\"caption-attachment-9416\" style=\"width: 771px\" class=\"wp-caption aligncenter\"><a href=\"https:\/\/fdp-aktiv.de\/blog\/wp-content\/uploads\/2023\/02\/robert-malorny.jpg\"><img loading=\"lazy\" decoding=\"async\" class=\"size-large wp-image-9416\" src=\"https:\/\/fdp-aktiv.de\/blog\/wp-content\/uploads\/2023\/02\/robert-malorny-771x1024.jpg\" alt=\"Robert Malorny\" width=\"771\" height=\"1024\" srcset=\"https:\/\/fdp-aktiv.de\/blog\/wp-content\/uploads\/2023\/02\/robert-malorny-771x1024.jpg 771w, https:\/\/fdp-aktiv.de\/blog\/wp-content\/uploads\/2023\/02\/robert-malorny-226x300.jpg 226w, https:\/\/fdp-aktiv.de\/blog\/wp-content\/uploads\/2023\/02\/robert-malorny-768x1020.jpg 768w, https:\/\/fdp-aktiv.de\/blog\/wp-content\/uploads\/2023\/02\/robert-malorny-1156x1536.jpg 1156w, https:\/\/fdp-aktiv.de\/blog\/wp-content\/uploads\/2023\/02\/robert-malorny.jpg 1476w\" sizes=\"auto, (max-width: 771px) 100vw, 771px\" \/><\/a><figcaption id=\"caption-attachment-9416\" class=\"wp-caption-text\">Robert Malorny<\/figcaption><\/figure>\n<p>\u201eSachsen braucht Tempo. Sachsen braucht Bessermacher.\u201c Mit diesen Worten stellte sich Robert Malorny den Delegierten in Lommatzsch vor und warb um ihre Zustimmung. In seiner Rede setzte er zu einem Frontalangriff auf die CDU und ihre Koalitionspartner in der s\u00e4chsischen Staatsregierung an. \u201eIch will Licht ins schwarze Dunkel bringen, der gelbe Scheinwerfer sein. SPD und Gr\u00fcne schaden dem Freistaat und das Gebaren an den politischen R\u00e4ndern macht es auch nicht einfacher\u201c, sagte Robert Malorny.<\/p>\n<p>Die s\u00e4chsischen Liberalen wollen 2024 keinen Personenwahlkampf f\u00fchren, betonte ihre Landesvorsitzende Dr. Anita Maa\u00df. \u201eWir machen keine One-Man-Show, wie die CDU, deren Parteivorsitzender schon jetzt von Plakaten gr\u00fc\u00dft\u201c, sagte sie. \u201eRobert und ich werden Tempo f\u00fcr Sachsen machen.\u201c<\/p>\n<p>Sie selbst hatte sich fr\u00fchzeitig gegen eine Spitzenkandidatur entschieden und stattdessen auf Robert Malorny gesetzt \u2013 eine Entscheidung, die der s\u00e4chsische FDP-Vorstand mitrug. Diese Art der Selbstreflexion und Ehrlichkeit der Landesvorsitzenden zur Frage der Spitzenkandidatur fand auf dem Parteitag Zuspruch, hatte aber in der Partei teilweise f\u00fcr Verwunderung gesorgt. Das sollte sich im Antrag auf einen Mitgliederentscheid niederschlagen, den die Mehrheit der Delegierten aber ablehnte. In geheimer Wahl stimmten die Delegierten schlie\u00dflich mit 185 Ja-Stimmen, 51 Nein-Stimmen bei acht Enthaltungen (75,8 Prozent) daf\u00fcr, Robert Malorny als Spitzenkandidaten zu nominieren.<\/p>\n<p>Robert Malorny wurde 1979 in Dresden geboren. Von 1998 bis 2006 war er Zeitsoldat und verlie\u00df die Bundeswehr als Oberleutnant. In seinem aktiven Dienst war er in verschiedenen Verwendungen zuletzt als Zugf\u00fchrer im Ausbildungsunterst\u00fctzungsverband in Wildflecken eingesetzt. Anschlie\u00dfend studierte Malorny an der Hochschule f\u00fcr Technik und Wirtschaft. Er schloss das Studium 2010 als Diplomingenieur (FH) f\u00fcr Produktionstechnik ab. Nach leitenden T\u00e4tigkeiten im Maschinen- und Anlagenbau ist er seit 2018 Bereichsleiter bei einem osts\u00e4chsischen Automobilzulieferer.<\/p>\n<p>Robert Malorny ist seit 2014 FDP-Mitglied. 2019 zog er in den Dresdner Stadtrat ein und ist seitdem stellvertretender Vorsitzender der FDP-Fraktion. Er ist Mitglied im Ausschuss f\u00fcr Wirtschaftsf\u00f6rderung und im Ausschuss Allgemeine Verwaltung, Ordnung und Sicherheit.<\/p>\n","protected":false},"excerpt":{"rendered":"<p>(Dresden, 06.05.2023) Die s\u00e4chsische FDP will mit Robert Malorny in den Landtagswahlkampf ziehen. Mit gro\u00dfer Mehrheit beschlossen die Delegierten des 56. Landesparteitags in Lommatzsch, den Dresdner Stadtrat als Spitzenkandidaten zu [&#8230;]<\/p>\n","protected":false},"author":1,"featured_media":0,"comment_status":"open","ping_status":"closed","sticky":false,"template":"","format":"standard","meta":{"footnotes":""},"categories":[6],"tags":[1664,1563,3360,3055],"class_list":["post-10915","post","type-post","status-publish","format-standard","hentry","category-politik","tag-fdp-sachsen","tag-landesparteitag","tag-nominierung","tag-robert-malorny"],"_links":{"self":[{"href":"https:\/\/fdp-aktiv.de\/blog\/wp-json\/wp\/v2\/posts\/10915","targetHints":{"allow":["GET"]}}],"collection":[{"href":"https:\/\/fdp-aktiv.de\/blog\/wp-json\/wp\/v2\/posts"}],"about":[{"href":"https:\/\/fdp-aktiv.de\/blog\/wp-json\/wp\/v2\/types\/post"}],"author":[{"embeddable":true,"href":"https:\/\/fdp-aktiv.de\/blog\/wp-json\/wp\/v2\/users\/1"}],"replies":[{"embeddable":true,"href":"https:\/\/fdp-aktiv.de\/blog\/wp-json\/wp\/v2\/comments?post=10915"}],"version-history":[{"count":1,"href":"https:\/\/fdp-aktiv.de\/blog\/wp-json\/wp\/v2\/posts\/10915\/revisions"}],"predecessor-version":[{"id":10917,"href":"https:\/\/fdp-aktiv.de\/blog\/wp-json\/wp\/v2\/posts\/10915\/revisions\/10917"}],"wp:attachment":[{"href":"https:\/\/fdp-aktiv.de\/blog\/wp-json\/wp\/v2\/media?parent=10915"}],"wp:term":[{"taxonomy":"category","embeddable":true,"href":"https:\/\/fdp-aktiv.de\/blog\/wp-json\/wp\/v2\/categories?post=10915"},{"taxonomy":"post_tag","embeddable":true,"href":"https:\/\/fdp-aktiv.de\/blog\/wp-json\/wp\/v2\/tags?post=10915"}],"curies":[{"name":"wp","href":"https:\/\/api.w.org\/{rel}","templated":true}]}}