{"id":10935,"date":"2023-05-09T05:37:27","date_gmt":"2023-05-09T03:37:27","guid":{"rendered":"https:\/\/fdp-aktiv.de\/blog\/?p=10935"},"modified":"2023-05-09T05:37:27","modified_gmt":"2023-05-09T03:37:27","slug":"hessen-rock-schwarz-gruen-ist-laengst-die-puste-ausgegangen","status":"publish","type":"post","link":"https:\/\/fdp-aktiv.de\/blog\/2023\/05\/09\/hessen-rock-schwarz-gruen-ist-laengst-die-puste-ausgegangen\/","title":{"rendered":"Hessen &#8211; ROCK: Schwarz-Gr\u00fcn ist l\u00e4ngst die Puste ausgegangen"},"content":{"rendered":"<div class=\"clearfix text-formatted field field--name-body field--type-text-with-summary field--label-hidden field__item\">\n<ul>\n<li><strong>Rhein und Al-Wazir k\u00f6nnen \u00fcber Schw\u00e4chen nicht hinwegt\u00e4uschen<\/strong><\/li>\n<li><strong>Regierungskoalition br\u00f6ckelt<\/strong><\/li>\n<li><strong>Wer die Verfassung missachtet, kann Hessen nicht voranbringen<\/strong><\/li>\n<\/ul>\n<figure id=\"attachment_1137\" aria-describedby=\"caption-attachment-1137\" style=\"width: 800px\" class=\"wp-caption aligncenter\"><a href=\"https:\/\/fdp-aktiv.de\/blog\/wp-content\/uploads\/2021\/04\/Rene_Rock.jpg\"><img loading=\"lazy\" decoding=\"async\" class=\"size-large wp-image-1137\" src=\"https:\/\/fdp-aktiv.de\/blog\/wp-content\/uploads\/2021\/04\/Rene_Rock-1024x684.jpg\" alt=\"Rene Rock\" width=\"800\" height=\"534\" srcset=\"https:\/\/fdp-aktiv.de\/blog\/wp-content\/uploads\/2021\/04\/Rene_Rock-1024x684.jpg 1024w, https:\/\/fdp-aktiv.de\/blog\/wp-content\/uploads\/2021\/04\/Rene_Rock-300x200.jpg 300w, https:\/\/fdp-aktiv.de\/blog\/wp-content\/uploads\/2021\/04\/Rene_Rock-768x513.jpg 768w, https:\/\/fdp-aktiv.de\/blog\/wp-content\/uploads\/2021\/04\/Rene_Rock.jpg 1400w\" sizes=\"auto, (max-width: 800px) 100vw, 800px\" \/><\/a><figcaption id=\"caption-attachment-1137\" class=\"wp-caption-text\">Rene Rock<\/figcaption><\/figure>\n<p>\u201eSchwarz-Gr\u00fcn ist auf Abschiedstournee\u201c, stellt Ren\u00e9 ROCK, Fraktionsvorsitzender der Freien Demokraten im Hessischen Landtag, anl\u00e4sslich der heutigen Pressekonferenz von Ministerpr\u00e4sident Boris Rhein und dessen Stellvertreter Tarek Al-Wazir in Frankfurt fest. \u201eBoris Rhein und Tarek Al-Wazir bem\u00fchen sich zwar nach Kr\u00e4ften, die Koalition als harmonisch darzustellen. Aber auch das kann in ihrer Bilanz nach neun Jahren Schwarz-Gr\u00fcn in Hessen nicht dar\u00fcber hinwegt\u00e4uschen, dass der Landesregierung schon lange vor dem Ende dieser Legislaturperiode die Puste ausgegangen ist\u201c, erkl\u00e4rt Rock. \u201eDie entt\u00e4uschende und nicht nur in Bezug auf den Justizskandal \u00fcberforderte Justizministerin wurde bereits ausgewechselt. Die Verbraucherschutzministerin, die im Wilke-Wurst-Skandal die Verantwortung von sich wies, der vor allem w\u00e4hrend der Corona-Pandemie hilflose Gesundheitsminister und der an Polizei-Skandalen reiche Innenminister haben wie die Europaministerin bereits angek\u00fcndigt, nicht mehr weitermachen zu wollen. Und dann ist da die Fraktion der Gr\u00fcnen, die mittlerweile in Pressemitteilungen zur Vorratsdatenspeicherung und zum Gewaltschutz f\u00fcr Frauen offen gegen Minister des Koalitionspartners opponiert. Diese Koalition br\u00f6ckelt und steht nur noch auf einem wackeligen Fundament\u201c, res\u00fcmiert Rock.<\/p>\n<p>Vor diesem Hintergrund sei es umso unverst\u00e4ndlicher, dass Schwarz-Gr\u00fcn nun behaupte, \u201eeine gute Basis f\u00fcr Hessens Zukunft\u201c geschaffen zu haben. \u201eHessen ist in vielerlei Hinsicht allenfalls noch Mittelma\u00df. Die Landesregierung baut weder Stra\u00dfen und Schienen noch erm\u00f6glicht sie Wohnungsbau in nennenswerter Zahl, die B\u00fcrokratie ist in den Verwaltungen wie in den um zahlreiche Stellen aufgebl\u00e4hten Ministerien noch immer m\u00e4chtiger als die Digitalisierung, gegen den Lehrkr\u00e4ftemangel hat Schwarz-Gr\u00fcn keinen Plan, die CO2-Emissionen stagnieren, und die Schuldenbremse wurde ausgehebelt\u201c, erl\u00e4utert Rock.<\/p>\n<p>Rock erinnert in diesem Zusammenhang daran, dass die Landesregierung mit ihrem schwarz-gr\u00fcnen Sonderverm\u00f6gen zur Bew\u00e4ltigung der Corona-Krise krachend gescheitert ist, nachdem Freie Demokraten und SPD Klage beim Staatsgerichtshof eingereicht hatten. \u201eNicht nur das Sonderverm\u00f6gen war in weiten Teilen verfassungswidrig. Die Landesregierung hat offenbar ein gr\u00f6\u00dferes Problem mit der Verfassungstreue. Sonst h\u00e4tte sie nicht eine juristische Niederlage nach der anderen kassiert\u201c, erkl\u00e4rt Rock auch mit Blick auf die nicht verfassungskonforme Beamtenbesoldung und die hessische Regelung zum Einsatz der Datenanalyse-Software \u201eHessendata\u201c.\u00a0Rock ist \u00fcberzeugt: \u201eWer ein ums andere Mal die Verfassung missachtet, kann Hessen nicht voranbringen.\u201c<\/p>\n<\/div>\n","protected":false},"excerpt":{"rendered":"<p>Rhein und Al-Wazir k\u00f6nnen \u00fcber Schw\u00e4chen nicht hinwegt\u00e4uschen Regierungskoalition br\u00f6ckelt Wer die Verfassung missachtet, kann Hessen nicht voranbringen \u201eSchwarz-Gr\u00fcn ist auf Abschiedstournee\u201c, stellt Ren\u00e9 ROCK, Fraktionsvorsitzender der Freien Demokraten im [&#8230;]<\/p>\n","protected":false},"author":1,"featured_media":0,"comment_status":"open","ping_status":"closed","sticky":false,"template":"","format":"standard","meta":{"footnotes":""},"categories":[6],"tags":[635,46,634],"class_list":["post-10935","post","type-post","status-publish","format-standard","hentry","category-politik","tag-fdp-hessen","tag-koalition","tag-rene-rock"],"_links":{"self":[{"href":"https:\/\/fdp-aktiv.de\/blog\/wp-json\/wp\/v2\/posts\/10935","targetHints":{"allow":["GET"]}}],"collection":[{"href":"https:\/\/fdp-aktiv.de\/blog\/wp-json\/wp\/v2\/posts"}],"about":[{"href":"https:\/\/fdp-aktiv.de\/blog\/wp-json\/wp\/v2\/types\/post"}],"author":[{"embeddable":true,"href":"https:\/\/fdp-aktiv.de\/blog\/wp-json\/wp\/v2\/users\/1"}],"replies":[{"embeddable":true,"href":"https:\/\/fdp-aktiv.de\/blog\/wp-json\/wp\/v2\/comments?post=10935"}],"version-history":[{"count":1,"href":"https:\/\/fdp-aktiv.de\/blog\/wp-json\/wp\/v2\/posts\/10935\/revisions"}],"predecessor-version":[{"id":10941,"href":"https:\/\/fdp-aktiv.de\/blog\/wp-json\/wp\/v2\/posts\/10935\/revisions\/10941"}],"wp:attachment":[{"href":"https:\/\/fdp-aktiv.de\/blog\/wp-json\/wp\/v2\/media?parent=10935"}],"wp:term":[{"taxonomy":"category","embeddable":true,"href":"https:\/\/fdp-aktiv.de\/blog\/wp-json\/wp\/v2\/categories?post=10935"},{"taxonomy":"post_tag","embeddable":true,"href":"https:\/\/fdp-aktiv.de\/blog\/wp-json\/wp\/v2\/tags?post=10935"}],"curies":[{"name":"wp","href":"https:\/\/api.w.org\/{rel}","templated":true}]}}