{"id":11006,"date":"2023-05-11T14:43:05","date_gmt":"2023-05-11T12:43:05","guid":{"rendered":"https:\/\/fdp-aktiv.de\/blog\/?p=11006"},"modified":"2023-05-11T14:43:05","modified_gmt":"2023-05-11T12:43:05","slug":"baden-wuerttemberg-scheerer-mehr-loesen-weniger-spalten","status":"publish","type":"post","link":"https:\/\/fdp-aktiv.de\/blog\/2023\/05\/11\/baden-wuerttemberg-scheerer-mehr-loesen-weniger-spalten\/","title":{"rendered":"Baden-W\u00fcrttemberg &#8211; Scheerer: Mehr L\u00f6sen, weniger Spalten"},"content":{"rendered":"<p>Es braucht geeignete Ma\u00dfnahmen auf allen Ebenen<\/p>\n<figure id=\"attachment_4401\" aria-describedby=\"caption-attachment-4401\" style=\"width: 800px\" class=\"wp-caption aligncenter\"><a href=\"https:\/\/fdp-aktiv.de\/blog\/wp-content\/uploads\/2022\/02\/web_scheerer_1198_final.jpg\"><img loading=\"lazy\" decoding=\"async\" class=\"size-large wp-image-4401\" src=\"https:\/\/fdp-aktiv.de\/blog\/wp-content\/uploads\/2022\/02\/web_scheerer_1198_final-1024x682.jpg\" alt=\"\" width=\"800\" height=\"533\" srcset=\"https:\/\/fdp-aktiv.de\/blog\/wp-content\/uploads\/2022\/02\/web_scheerer_1198_final-1024x682.jpg 1024w, https:\/\/fdp-aktiv.de\/blog\/wp-content\/uploads\/2022\/02\/web_scheerer_1198_final-300x200.jpg 300w, https:\/\/fdp-aktiv.de\/blog\/wp-content\/uploads\/2022\/02\/web_scheerer_1198_final-768x512.jpg 768w, https:\/\/fdp-aktiv.de\/blog\/wp-content\/uploads\/2022\/02\/web_scheerer_1198_final-1536x1024.jpg 1536w, https:\/\/fdp-aktiv.de\/blog\/wp-content\/uploads\/2022\/02\/web_scheerer_1198_final.jpg 2000w\" sizes=\"auto, (max-width: 800px) 100vw, 800px\" \/><\/a><figcaption id=\"caption-attachment-4401\" class=\"wp-caption-text\">Hans Dieter Scheerer<\/figcaption><\/figure>\n<p><strong>Hans Dieter Scheerer, <\/strong>migrationspolitischer Sprecher der FDP\/DVP-Fraktion, f\u00fchrt in der heutigen Aktuellen Debatte zur Migrationslage wie folgt aus:<\/p>\n<p>\u201eIn dieser schwierigen Situation gilt es, geeignete L\u00f6sungen zu finden, statt f\u00fcr kurzfristige Aufmerksamkeit Hass und Hetze zu sch\u00fcren. Das Asylrecht hat in Deutschland als Grundrecht Verfassungsrang, es stellt unbestritten eine der tragenden S\u00e4ulen unseres Rechtsstaats dar. Zur Entsch\u00e4rfung der aktuellen Migrationslage m\u00fcssen mehrere Beteiligte zusammenwirken: Europa, der Bund, die L\u00e4nder sowie die Kommunen, die die Unterbringung der Gefl\u00fcchteten am Ende schultern m\u00fcssen. Bei der Vielzahl der Interessen kann die L\u00f6sung nicht immer gleich gefunden werden.<\/p>\n<p>Dennoch gibt es Ma\u00dfnahmen, die aus unserer Sicht dringend einer Umsetzung bed\u00fcrfen:<\/p>\n<p>Den Menschen muss, soweit m\u00f6glich, bereits in ihren Heimatl\u00e4ndern geholfen werden. Sollte das nicht gelingen, braucht es effiziente Asylverfahren, n\u00f6tigenfalls mit Kontrollen an den EU-Au\u00dfengrenzen. Kontrollierte Zuwanderung in den Arbeitsmarkt muss gef\u00f6rdert, unkontrollierte Zuwanderung in die Sozialsysteme verhindert werden. Wer keine Bleibeperspektive hat, muss unser Land wieder verlassen. Hier ist das Land, hier ist insbesondere Innenminister Strobl gefordert. Derzeit gelingen nur etwa 30 bis 40 % der aufenthaltsbeendenden Ma\u00dfnahmen, das reicht nicht aus.<\/p>\n<p>Gelder, die das Land vom Bund erh\u00e4lt, m\u00fcssen umgehend an die Landkreise und Gemeinden weitergegeben werden. Zuletzt fordern wir eine Abkehr vom Rechtskreiswechsel, damit alle Gefl\u00fcchteten gleich behandelt und unsere Kommunen endlich etwas entlastet werden.\u201c<\/p>\n<p>&nbsp;<\/p>\n","protected":false},"excerpt":{"rendered":"<p>Es braucht geeignete Ma\u00dfnahmen auf allen Ebenen Hans Dieter Scheerer, migrationspolitischer Sprecher der FDP\/DVP-Fraktion, f\u00fchrt in der heutigen Aktuellen Debatte zur Migrationslage wie folgt aus: \u201eIn dieser schwierigen Situation gilt [&#8230;]<\/p>\n","protected":false},"author":1,"featured_media":0,"comment_status":"open","ping_status":"closed","sticky":false,"template":"","format":"standard","meta":{"footnotes":""},"categories":[5],"tags":[650,864,693],"class_list":["post-11006","post","type-post","status-publish","format-standard","hentry","category-aussenpolitik","tag-fdp-dvp","tag-hans-dieter-scheerer","tag-migration"],"_links":{"self":[{"href":"https:\/\/fdp-aktiv.de\/blog\/wp-json\/wp\/v2\/posts\/11006","targetHints":{"allow":["GET"]}}],"collection":[{"href":"https:\/\/fdp-aktiv.de\/blog\/wp-json\/wp\/v2\/posts"}],"about":[{"href":"https:\/\/fdp-aktiv.de\/blog\/wp-json\/wp\/v2\/types\/post"}],"author":[{"embeddable":true,"href":"https:\/\/fdp-aktiv.de\/blog\/wp-json\/wp\/v2\/users\/1"}],"replies":[{"embeddable":true,"href":"https:\/\/fdp-aktiv.de\/blog\/wp-json\/wp\/v2\/comments?post=11006"}],"version-history":[{"count":1,"href":"https:\/\/fdp-aktiv.de\/blog\/wp-json\/wp\/v2\/posts\/11006\/revisions"}],"predecessor-version":[{"id":11011,"href":"https:\/\/fdp-aktiv.de\/blog\/wp-json\/wp\/v2\/posts\/11006\/revisions\/11011"}],"wp:attachment":[{"href":"https:\/\/fdp-aktiv.de\/blog\/wp-json\/wp\/v2\/media?parent=11006"}],"wp:term":[{"taxonomy":"category","embeddable":true,"href":"https:\/\/fdp-aktiv.de\/blog\/wp-json\/wp\/v2\/categories?post=11006"},{"taxonomy":"post_tag","embeddable":true,"href":"https:\/\/fdp-aktiv.de\/blog\/wp-json\/wp\/v2\/tags?post=11006"}],"curies":[{"name":"wp","href":"https:\/\/api.w.org\/{rel}","templated":true}]}}